


{"id":4773,"date":"2018-10-15T09:27:16","date_gmt":"2018-10-15T07:27:16","guid":{"rendered":"https:\/\/www.montallegro.it\/magazine\/?p=4773"},"modified":"2018-11-07T15:08:55","modified_gmt":"2018-11-07T14:08:55","slug":"libania-grenot","status":"publish","type":"post","link":"https:\/\/www.montallegro.it\/magazine\/libania-grenot\/","title":{"rendered":"Libania Grenot"},"content":{"rendered":"<p><span style=\"color: #222222\">Due volte campionessa europea nei 400, capace di vincere 12 medaglie internazionali prima con Cuba (dove \u00e8 nata il 12 luglio 1983) e poi con l\u2019Italia (da quando, nel 2006, ha ottenuto la nazionalit\u00e0 sposandosi con Silvio Scaffetti). <\/span><span style=\"color: #222222\">\u00c8 diventata popolarissima dopo il trionfo a giugno nella 4&#215;400 ai Giochi del Mediterraneo con una staffetta italiana che pi\u00f9 multiculturale non si pu\u00f2: oltre a lei, Maria Benedicta Chigbolu (romana di padre nigeriano), Ayomide Folorunso (nata in Nigeria, italiana fin da bambina) e Raphaela Lukudo (nata in Italia da genitori sudanesi). <\/span><\/p>\n<p><span style=\"color: #222222\">Lei \u00e8<\/span><span style=\"color: #222222\"> un punto di riferimento per molte giovani e adesso, con Tokyo 2020 nel mirino, si candida a diventare un esempio di longevit\u00e0. <\/span><span style=\"color: #222222\"><b>Libania Grenot<\/b><\/span><span style=\"color: #222222\"> avr\u00e0 37 anni in Giappone, ci arriver\u00e0 dopo essere passata per l\u2019importantissimo test iridato di Doha 2019. La \u201cpanterita\u201d parla del suo comportamento a tavola e del valore di una buona alimentazione in relazione alla prestazione agonistica. Mangiare rispettando gli orari dei pasti e nelle giuste quantit\u00e0 la aiuta a crescere anche sotto il punto di vista professionale.<\/span><\/p>\n<p>&#8211; <span style=\"color: #222222\"><b>Libania, quale \u00e8 il suo rapporto con il cibo?<\/b><\/span><\/p>\n<p><span style=\"color: #222222\">\u00ab<\/span><span style=\"color: #222222\">Sono una persona golosa e ci ho messo anni a imparare ad alimentarmi da atleta professionista. Cosa mangiare, quanto e quando per un atleta non \u00e8 mai un dettaglio. Il periodo pi\u00f9 difficile \u00e8 quello agonistico: noi atleti viaggiamo in tutto il mondo, partecipando a manifestazioni che si svolgono nei cinque continenti\u00bb.<\/span><\/p>\n<p>&#8211; <span style=\"color: #222222\"><b>Che tipo di vita fa una quattrocentista?<br \/>\n<\/b><span style=\"color: #222222\">\u00ab\u00c8 una vita itinerante di corsa fra aeroporti e piste di atletica, in cui cambiamo spesso fuso orario ma pi\u00f9 spesso ancora alimentazione. Adattarsi alle diverse cucine e abitudini, mantenendo per\u00f2 una dieta per quanto possibile corretta, diventa cos\u00ec una questione di sopravvivenza\u00bb.<\/span><\/span><\/p>\n<p>&#8211; <span style=\"color: #222222\"><b>Quando ha capito di essere in grado di coniugare alimentazione e prestazione?<\/b><\/span><br \/>\n<span style=\"color: #222222\">\u00abGli anni trascorsi in Florida con il mio coach Loren Seagrave, che considero quasi un padre, mi hanno letteralmente trasformata. Ho imparato a essere un\u2019atleta professionista a tutto tondo mettendo le basi per l\u2019oro europeo di Zurigo. Ora so gestire ogni piccolo dettaglio &#8211; il cibo, il riposo, il sonno, la concentrazione &#8211; con serenit\u00e0, e prima delle gare riesco anche a mangiare e dormire bene, cosa che prima mi era impossibile a causa della grande agitazione\u00bb.<\/span><\/p>\n<p><span style=\"color: #222222\"><b>&#8211; Adesso fa pi\u00f9 attenzione agli orari dei pasti?<\/b><\/span><\/p>\n<p><span style=\"color: #222222\">\u00abSi, serve disciplina anche in questo campo. Spesso mi capita di dover mettere fretta a qualche giornalista per andare a mangiare un piatto di riso in bianco, oppure, dopo un turno di gare serale, tornare di corsa in hotel prima che chiuda la cucina. Devo rispettare orari precisi o il mio corpo non sar\u00e0 quell\u2019ingranaggio perfetto che mi serve per domare i 400 metri ed essere fra le migliori al mondo<\/span>\u00bb.<\/p>\n","protected":false},"excerpt":{"rendered":"<p>Due volte campionessa europea nei 400, capace di vincere 12 medaglie internazionali prima con Cuba (dove \u00e8 nata il 12 [&hellip;]<\/p>\n","protected":false},"author":10,"featured_media":4774,"comment_status":"open","ping_status":"open","sticky":false,"template":"","format":"standard","meta":{"_acf_changed":false,"footnotes":""},"categories":[139,200],"tags":[402,8,401,403,400],"acf":[],"_links":{"self":[{"href":"https:\/\/www.montallegro.it\/magazine\/wp-json\/wp\/v2\/posts\/4773"}],"collection":[{"href":"https:\/\/www.montallegro.it\/magazine\/wp-json\/wp\/v2\/posts"}],"about":[{"href":"https:\/\/www.montallegro.it\/magazine\/wp-json\/wp\/v2\/types\/post"}],"author":[{"embeddable":true,"href":"https:\/\/www.montallegro.it\/magazine\/wp-json\/wp\/v2\/users\/10"}],"replies":[{"embeddable":true,"href":"https:\/\/www.montallegro.it\/magazine\/wp-json\/wp\/v2\/comments?post=4773"}],"version-history":[{"count":5,"href":"https:\/\/www.montallegro.it\/magazine\/wp-json\/wp\/v2\/posts\/4773\/revisions"}],"predecessor-version":[{"id":4841,"href":"https:\/\/www.montallegro.it\/magazine\/wp-json\/wp\/v2\/posts\/4773\/revisions\/4841"}],"wp:featuredmedia":[{"embeddable":true,"href":"https:\/\/www.montallegro.it\/magazine\/wp-json\/wp\/v2\/media\/4774"}],"wp:attachment":[{"href":"https:\/\/www.montallegro.it\/magazine\/wp-json\/wp\/v2\/media?parent=4773"}],"wp:term":[{"taxonomy":"category","embeddable":true,"href":"https:\/\/www.montallegro.it\/magazine\/wp-json\/wp\/v2\/categories?post=4773"},{"taxonomy":"post_tag","embeddable":true,"href":"https:\/\/www.montallegro.it\/magazine\/wp-json\/wp\/v2\/tags?post=4773"}],"curies":[{"name":"wp","href":"https:\/\/api.w.org\/{rel}","templated":true}]}}