


{"id":4750,"date":"2018-10-05T08:29:54","date_gmt":"2018-10-05T06:29:54","guid":{"rendered":"https:\/\/www.montallegro.it\/magazine\/?p=4750"},"modified":"2018-10-05T08:29:54","modified_gmt":"2018-10-05T06:29:54","slug":"valentina-arrighetti-volley","status":"publish","type":"post","link":"https:\/\/www.montallegro.it\/magazine\/valentina-arrighetti-volley\/","title":{"rendered":"Valentina Arrighetti (volley)"},"content":{"rendered":"<p><span style=\"color: #222222\">Ha 33 anni e da almeno 18 gira l\u2019Italia e il Mondo conquistando trofei nel volley. Valentina Arrighetti ha vinto due titoli italiani, una Coppa Italia e due Supercoppe ma soprattutto due champions. Genovese, \u00e8 stata una leader della Nazionale italiana di volley, ha giocato a Padova, Firenze, Vicenza, Bergamo, Busto Arsizio. Poi in Azerbaigian, quindi nuovamente in Italia a Conegliano, Scandicci e, per i prossimi due anni, a Casalmaggiore.<\/span><br \/>\n<span style=\"color: #222222\"> Tante sfide, tante cucine diverse e una fortuna <\/span>.\u00ab<span style=\"color: #222222\">Col cibo non ho mai avuto troppi problemi. Ecco, la chiaccherata con Valentina, stella in Villa Montallegro questa settimana, inizia proprio dal suo rapporto con l\u2019alimentazione.<\/span><\/p>\n<p><em> Guarda il <a href=\"https:\/\/youtu.be\/V8ZogHe936w\">video<\/a> con l&#8217;intervista<\/em><br \/>\n<span style=\"color: #222222\"><b>&#8211; Hai un piatto preferito?<\/b><\/span><br \/>\n<span style=\"color: #222222\">\u00abLa focaccia sicuramente, e devo dire che a volte \u00e8 meglio mangiarne un pezzo di pi\u00f9 ed essere felici piuttosto che rinunciare. Per il resto sono pi\u00f9 per il salato che per il dolce, da quando sono arrivata a Casalmaggiore mi sono letteralmente innamorata dei tortellini alla zucca, il lato negativo del trasferimento \u00e8 la rinuncia al pesto di mamma\u00bb<\/span><\/p>\n<p><span style=\"color: #222222\"><b>&#8211; Qualcosa che proprio non ti piace?<\/b><\/span><br \/>\n<span style=\"color: #222222\">\u00abMangio veramente tutto, se proprio devo dire qualcosa dico i cetrioli e il melone<\/span><\/p>\n<p><span style=\"color: #222222\"><b>&#8211; Qual \u00e8 il tuo rapporto con l\u2019alimentazione?<\/b><\/span><br \/>\n<span style=\"color: #222222\">\u00abPer fortuna non ho mai avuto troppi problemi, per\u00f2 devo dire che crescendo ho imparato a mangiare meglio scoprendo quanti benefici porta non solo nello sport, avere una buona alimentazione ti fa dormire meglio e quindi avere pi\u00f9 energie durante il giorno<\/span><\/p>\n<p><span style=\"color: #222222\"><b>&#8211; La tua alimentazione ti porta a dover rinunciare a qualcosa?<\/b><\/span><br \/>\n<span style=\"color: #222222\">\u00abSe vedi il non mangiare qualcosa come una rinuncia, secondo me inizia gi\u00e0 male. Per quanto riguarda l\u2019alimentazione sono dell\u2019idea che basta darsi un contegno, mangiare di tutto ma senza esagerare&gt;\u00bb<\/span><\/p>\n<p><span style=\"color: #222222\"><b>&#8211; Stai guardando i Mondiali di pallavolo? Che ne pensi delle due colleghe azzurre?<\/b><\/span><br \/>\n<span style=\"color: #222222\">\u00abLa nostra Nazionale \u00e8 la squadra che deve dare fastidio e questa impostazione aiuta, \u00e8 pi\u00f9 facile giocare contro pronostico. \u00c8 una formazione ambiziosa che ha tutte le carte in regola per stupirci\u00bb<\/span><\/p>\n<p><span style=\"color: #222222\"><b>&#8211; Tra poco riparte il campionato, vestirai la maglia di Casalmaggiore, quali sono gli obiettivi?<\/b><\/span><br \/>\n<span style=\"color: #222222\">\u00abIl nostro obiettivo \u00e8 rimanere agganciati a quelle due o tre squadre che hanno formazioni pi\u00f9 importanti dovute a investimenti maggiori dei nostri. Penso che lavorando bene abbiamo la possibilit\u00e0 di riuscire nel nostro intento\u00bb<\/span><\/p>\n<p><span style=\"color: #222222\"><b>&#8211; Sei tornata a Genova per il Torneo benefico organizzato da Normac Avb e Stelle nello Sport. Come hai vissuto la tragedia di Ponte Morandi?<\/b><\/span><br \/>\n<span style=\"color: #222222\">\u00abSono ancora scossa e incredula, adesso aspetto cosa effettivamente ci sar\u00e0 nel futuro di Genova. Alcune cose sono state fatte in tempi brevi, spero che anche le altre siano messe in atto in maniera veloce ma faccio fatica a credere alle promesse. Noi sportivi possiamo solo dare il nostro contributo, unire le persone, aiutare. La funzione sociale dello sport non \u00e8 una novit\u00e0 e a Genova per fortuna c\u2019\u00e8 una grande squadra grazie a Stelle nello Sport sempre pronta a scendere in campo\u00bb<\/span><\/p>\n<p><span style=\"color: #222222\"><em>Nella foto: Valentina Arrighetti circondata da piccole pallavoliste durante la festa dello sport al Porto Antico organizzata da Stelle dello Sport per il Ponte Morandi<\/em><\/span><\/p>\n","protected":false},"excerpt":{"rendered":"<p>Ha 33 anni e da almeno 18 gira l\u2019Italia e il Mondo conquistando trofei nel volley. Valentina Arrighetti ha vinto [&hellip;]<\/p>\n","protected":false},"author":10,"featured_media":4753,"comment_status":"open","ping_status":"open","sticky":false,"template":"","format":"standard","meta":{"_acf_changed":false,"footnotes":""},"categories":[7,139,200],"tags":[8,36,41,395,199,393,394],"acf":[],"_links":{"self":[{"href":"https:\/\/www.montallegro.it\/magazine\/wp-json\/wp\/v2\/posts\/4750"}],"collection":[{"href":"https:\/\/www.montallegro.it\/magazine\/wp-json\/wp\/v2\/posts"}],"about":[{"href":"https:\/\/www.montallegro.it\/magazine\/wp-json\/wp\/v2\/types\/post"}],"author":[{"embeddable":true,"href":"https:\/\/www.montallegro.it\/magazine\/wp-json\/wp\/v2\/users\/10"}],"replies":[{"embeddable":true,"href":"https:\/\/www.montallegro.it\/magazine\/wp-json\/wp\/v2\/comments?post=4750"}],"version-history":[{"count":3,"href":"https:\/\/www.montallegro.it\/magazine\/wp-json\/wp\/v2\/posts\/4750\/revisions"}],"predecessor-version":[{"id":4754,"href":"https:\/\/www.montallegro.it\/magazine\/wp-json\/wp\/v2\/posts\/4750\/revisions\/4754"}],"wp:featuredmedia":[{"embeddable":true,"href":"https:\/\/www.montallegro.it\/magazine\/wp-json\/wp\/v2\/media\/4753"}],"wp:attachment":[{"href":"https:\/\/www.montallegro.it\/magazine\/wp-json\/wp\/v2\/media?parent=4750"}],"wp:term":[{"taxonomy":"category","embeddable":true,"href":"https:\/\/www.montallegro.it\/magazine\/wp-json\/wp\/v2\/categories?post=4750"},{"taxonomy":"post_tag","embeddable":true,"href":"https:\/\/www.montallegro.it\/magazine\/wp-json\/wp\/v2\/tags?post=4750"}],"curies":[{"name":"wp","href":"https:\/\/api.w.org\/{rel}","templated":true}]}}