


{"id":4737,"date":"2018-09-26T09:48:21","date_gmt":"2018-09-26T07:48:21","guid":{"rendered":"https:\/\/www.montallegro.it\/magazine\/?p=4737"},"modified":"2018-09-26T14:24:02","modified_gmt":"2018-09-26T12:24:02","slug":"viviana-bottaro-karate","status":"publish","type":"post","link":"https:\/\/www.montallegro.it\/magazine\/viviana-bottaro-karate\/","title":{"rendered":"Viviana Bottaro (karate)"},"content":{"rendered":"<p><span style=\"color: #222222\">\u00c8 una delle punte di diamante della Nazionale di Karate. Da oltre 10 anni, ininterrottamente, sale sul podio di Tricolori, Europei e Mondiali. Tecnica, grinta e tanto cuore nelle magistrali interpretazioni del kata sia a livello individuale sia a squadre. Genovese, trentuno anni, <strong>Viviana Bottaro<\/strong> vive da 5 stagioni nella capitale e fa parte del Gruppo Sportivo Fiamme Oro. Sabato prossimo sar\u00e0 al Porto Antico per testimoniare la sua vicinanza alla sua citt\u00e0, a un mese e mezzo dal crollo del Ponte Morandi, in occasione dell\u2019evento \u201c<a href=\"http:\/\/www.stellenellosport.com\/\">Dallo Sport un Ponte per Genova<\/a>\u201d, a cura di Stelle nello Sport con il coinvolgimento di numerose societ\u00e0 sportive e il patrocinio di Regione Liguria, Comune di Genova e Coni Liguria.<\/span><\/p>\n<p><span style=\"color: #222222\"><strong>&#8211; Viviana, che effetto le ha fatto vedere quelle immagini da Roma?<\/strong><br \/>\n<span style=\"color: #222222\">\u00ab\u00c8 stato bruttissimo, sembrava di vivere qualcosa di surreale. Tristezza infinita: attraversare quel ponte, per noi liguri, significava sentirsi a casa. Mi fa per\u00f2 piacere evidenziare che Genova si \u00e8 gi\u00e0 rialzata\u2026\u00bb.<\/span><\/span><\/p>\n<p><span style=\"color: #222222\"><strong>&#8211; Cosa le manca della sua citt\u00e0?<\/strong><br \/>\n<span style=\"color: #222222\">\u00abTutto: dalle passeggiate in centro, al mare, al clima, al cibo, all&#8217; accento genovese per le strade, all&#8217;eterno sfott\u00f2 tra genoani e sampdoriani. Sono sempre in giro per il mondo con lo sport, ma quelle poche volte che riesco a tornare a casa ho la sensazione di non essermene mai andata. \u00c8 la sensazione pi\u00f9 bella del mondo\u00bb.<\/span><\/span><\/p>\n<p><span style=\"color: #222222\"><strong><img decoding=\"async\" class=\"alignnone wp-image-4739 alignleft\" src=\"https:\/\/www.montallegro.it\/magazine\/wp-content\/uploads\/sites\/2\/2018\/09\/viviana-bottaro-3-225x300.jpg\" alt=\"\" width=\"181\" height=\"241\" srcset=\"https:\/\/www.montallegro.it\/magazine\/wp-content\/uploads\/sites\/2\/2018\/09\/viviana-bottaro-3-225x300.jpg 225w, https:\/\/www.montallegro.it\/magazine\/wp-content\/uploads\/sites\/2\/2018\/09\/viviana-bottaro-3.jpg 768w\" sizes=\"(max-width: 181px) 100vw, 181px\" \/>&#8211; Come procede la sua strada verso le Olimpiadi di Tokyo dove il Karate, per la prima volta, far\u00e0 parte del programma olimpico?<\/strong><br \/>\n<span style=\"color: #222222\">\u00abSono molto felice di far parte del gruppo di atlete che punter\u00e0 a qualificarsi per il Giappone nel kata individuale. Finalmente questa disciplina diventa olimpica. Da poco sono iniziate le gare di qualificazione e attualmente mi trovo attualmente tra le 6 atlete pi\u00f9 forti al mondo. Occorre mantenere, anzi migliorare questa classifica nei prossimi due anni\u00bb.<\/span><\/span><\/p>\n<p><span style=\"color: #222222\"><strong>&#8211; Chi cammina assieme a lei lungo questo percorso?<\/strong><br \/>\n<span style=\"color: #222222\">\u00abUn gruppo come la Polizia che crede fortemente in me e poi la perseveranza e la pazienza. I traguardi si ottengono senza fretta ma senza sosta\u00bb.<\/span><\/span><\/p>\n<p><span style=\"color: #222222\"><strong>&#8211; A chi direbbe grazie e perch\u00e9?<\/strong><br \/>\n<span style=\"color: #222222\">\u00abSinceramente? A me stessa. Ho fatto un gran lavoro su di me, sui miei limiti, sulle mie paure. Un&#8217;atleta vincente deve essere, prima di tutto, una persona equilibrata e onesta. Onesta con se stessa, non \u00e8 per nulla scontato. Per\u00f2 ovvio, senza una famiglia, un fidanzato e amici che mi amano sarebbe stato tutto molto pi\u00f9 difficile! Quindi un grazie anche a loro \u00e8 doveroso\u00bb.<\/span><\/span><\/p>\n<p><span style=\"color: #222222\"><strong>&#8211; Quale \u00e8 il suo rapporto con l\u2019alimentazione?<\/strong><br \/>\n<span style=\"color: #222222\">\u00abInvidiabile. Partiamo dal presupposto che non ho una categoria di peso nella quale rientrare e che quindi non sono mai stata in lotta col peso. Io devo solo mangiare bene e integrarmi bene per sopportare gli allenamenti. E devo dire che riesco a fare entrambe le cose grazie al nutrizionista che la Fijkam mette a disposizione per noi atleti della Nazionale. Sono sempre monitorata e aiutata\u00bb.<\/span><\/span><\/p>\n<p><span style=\"color: #222222\"><strong>&#8211; Ci sono cibi di cui va particolarmente golosa?<\/strong><br \/>\n<span style=\"color: #222222\">\u00abNo, non c \u00e8 niente di particolare per cui posso dire di essere golosa. Non riesco pi\u00f9 a fare a meno delle mandorle post allenamento.. Ma la verit\u00e0 \u00e8 che mi manca veramente tanto la focaccia di Zena\u00bb.<\/span><\/span><\/p>\n<p><span style=\"color: #222222\"><strong>&#8211; Cosa non riesce a mandare gi\u00f9?<\/strong><br \/>\n<span style=\"color: #222222\">\u00abIn generale prediligo le cose semplici e non quelle elaborate. Datemi una semplice pasta al pomodoro e mi fate una donna felice\u00bb.<\/span><\/span><\/p>\n<p><span style=\"color: #222222\"><strong>&#8211; Capitolo infortuni: di cosa ha sofferto nel corso della sua carriera?<\/strong><br \/>\n<span style=\"color: #222222\">\u00abSono stata piuttosto fortunata a livello di infortuni. A parte aver sofferto di pubalgia e qualche lesione muscolare qua e l\u00e0 dovuto al sovraccarico, non ho mai avuto traumi importanti\u00bb.<\/span><\/span><\/p>\n<p><span style=\"color: #222222\"><strong>&#8211; Quanto \u00e8 importante la prevenzione?<\/strong><br \/>\n<span style=\"color: #222222\">\u00abFondamentale, soprattutto quando inizi a non essere pi\u00f9 giovanissima agonisticamente parlando. Da giovane sei pi\u00f9 sprovveduto, ma poi capisci che se non si fa prevenzione il tuo corpo va in difesa e subentrano gli infortuni. Per me stare attenta alla postura, alla mobilit\u00e0 articolare \u00e8 diventato di normale amministrazione\u00bb.<\/span><\/span><\/p>\n","protected":false},"excerpt":{"rendered":"<p>\u00c8 una delle punte di diamante della Nazionale di Karate. Da oltre 10 anni, ininterrottamente, sale sul podio di Tricolori, [&hellip;]<\/p>\n","protected":false},"author":10,"featured_media":4738,"comment_status":"open","ping_status":"open","sticky":false,"template":"","format":"standard","meta":{"_acf_changed":false,"footnotes":""},"categories":[7,139,200],"tags":[8,387,385,36,386,26,384],"acf":[],"_links":{"self":[{"href":"https:\/\/www.montallegro.it\/magazine\/wp-json\/wp\/v2\/posts\/4737"}],"collection":[{"href":"https:\/\/www.montallegro.it\/magazine\/wp-json\/wp\/v2\/posts"}],"about":[{"href":"https:\/\/www.montallegro.it\/magazine\/wp-json\/wp\/v2\/types\/post"}],"author":[{"embeddable":true,"href":"https:\/\/www.montallegro.it\/magazine\/wp-json\/wp\/v2\/users\/10"}],"replies":[{"embeddable":true,"href":"https:\/\/www.montallegro.it\/magazine\/wp-json\/wp\/v2\/comments?post=4737"}],"version-history":[{"count":4,"href":"https:\/\/www.montallegro.it\/magazine\/wp-json\/wp\/v2\/posts\/4737\/revisions"}],"predecessor-version":[{"id":4743,"href":"https:\/\/www.montallegro.it\/magazine\/wp-json\/wp\/v2\/posts\/4737\/revisions\/4743"}],"wp:featuredmedia":[{"embeddable":true,"href":"https:\/\/www.montallegro.it\/magazine\/wp-json\/wp\/v2\/media\/4738"}],"wp:attachment":[{"href":"https:\/\/www.montallegro.it\/magazine\/wp-json\/wp\/v2\/media?parent=4737"}],"wp:term":[{"taxonomy":"category","embeddable":true,"href":"https:\/\/www.montallegro.it\/magazine\/wp-json\/wp\/v2\/categories?post=4737"},{"taxonomy":"post_tag","embeddable":true,"href":"https:\/\/www.montallegro.it\/magazine\/wp-json\/wp\/v2\/tags?post=4737"}],"curies":[{"name":"wp","href":"https:\/\/api.w.org\/{rel}","templated":true}]}}