


{"id":4730,"date":"2018-09-20T10:50:44","date_gmt":"2018-09-20T08:50:44","guid":{"rendered":"https:\/\/www.montallegro.it\/magazine\/?p=4730"},"modified":"2018-09-24T12:59:10","modified_gmt":"2018-09-24T10:59:10","slug":"io-genovese-per-caso","status":"publish","type":"post","link":"https:\/\/www.montallegro.it\/magazine\/io-genovese-per-caso\/","title":{"rendered":"Io, Genovese per caso&#8230;"},"content":{"rendered":"<p><span style=\"color: #222222\">Ricordo ancora il primo giorno, il 3 novembre del 2003.<br \/>\n<span style=\"color: #222222\">Certo, ero gi\u00e0 stato tante volte a Genova.<br \/>\n<span style=\"color: #222222\">Per turismo, per lavoro, perch\u00e9 per me, bergamasco di pianura, Genova ero il primo mare che incontravo, ad esempio per imbarcarmi.<br \/>\n<span style=\"color: #222222\">&#8220;Dietro una curva, improvvisamente, il mare&#8221;.<br \/>\n<span style=\"color: #222222\">E funzionava proprio cos\u00ec, come nella canzone di Ivano Fossati, Fabrizio De Andr\u00e8 e Francesco De Gregori: scendevi dall&#8217;autostrada verso la citt\u00e0 ed era proprio cos\u00ec..<br \/>\n<span style=\"color: #222222\">C&#8217;era anche il Ponte, allora..<br \/>\n<span style=\"color: #222222\">Oppure venivi qui e ti trovavi sempre quel cielo di un azzurro che avevo conosciuto solo nella scatola delle tempere, quella della &#8220;Caran d&#8217;ache&#8221;, ma che, come dire, non \u00e8 propriamente il primo colore che vedi nel cielo bergamasco.<br \/>\n<span style=\"color: #222222\">&#8220;Il cielo di Lombardia, cos\u00ec bello quando \u00e8 bello&#8221;, scriveva Alessandro Manzoni senza per\u00f2 scapicollarsi a individuare il &#8220;quando&#8221;, nemmeno nelle riscritture successive al &#8220;Fermo e Lucia&#8221;..<br \/>\n<span style=\"color: #222222\">Prima avevo studiato e lavorato a Milano e, per dieci anni, a Roma.<br \/>\n<span style=\"color: #222222\">Non erano ancora arrivati Gianni Alemanno, Ignazio Marino e Virginia Raggi, quindi Roma era davvero una splendida citt\u00e0.<br \/>\n<span style=\"color: #222222\">Quindi, quel giorno,quel 3 novembre 2003, arrivai a Genova.<br \/>\n<span style=\"color: #222222\">E mai avrei pensato di innamorarmene cos\u00ec tanto, di viverla sottopelle, di lasciarmela scivolare addosso, fino alle viscere.<br \/>\n<span style=\"color: #222222\">Come quando comanda lei e tu non hai difese.<br \/>\n<span style=\"color: #222222\">Ecco, questo di un bergamasco cosmopolita, romanizzato a tal punto da essere conquistato da Zeman e dalla bellezza fine a se stessa, la bellezza per la bellezza, \u00e8 il punto di vista che voglio raccontare in questa serie, che non a caso, con Francesco Berti Riboli, Mario Bottaro e Giorgio De Sario, abbiamo scelto di intitolare &#8220;<strong><em>Genovese per caso<\/em><\/strong>&#8220;, che poi \u00e8 la mia storia.<br \/>\n<span style=\"color: #222222\">E questi che vi proponiamo sono brandelli d&#8217;Italia, strisce di Genova che vogliono raccontare la nostra citt\u00e0 con gli occhi di un estraneo, ma non troppo.<br \/>\n<span style=\"color: #222222\">Di un innamorato, ma non troppo poco.<br \/>\n<span style=\"color: #222222\">E che vogliono raccontare ci\u00f2 che mi hanno insegnato &#8220;I mercoled\u00ec della cultura&#8221;, poi allegramente allargatisi a tutti gli altri giorni della settimana, voluti da Francesco e che hanno raccontato anche alla community di Villa Montallegro, una grande famiglia con un forte senso identitario e di appartenenza, cos&#8217;\u00e8 la nostra citt\u00e0 e cos&#8217;\u00e8 la passione di Montallegro per essa.<br \/>\n<span style=\"color: #222222\">E anche come sia aumentata la mia, di passione.<br \/>\n<span style=\"color: #222222\">Sempre pi\u00f9 genovese.<br \/>\n<span style=\"color: #222222\">E sempre meno per caso.<\/span><\/span><\/span><\/span><\/span><\/span><\/span><\/span><\/span><\/span><\/span><\/span><\/span><\/span><\/span><\/span><\/span><\/span><\/span><\/span><\/p>\n<p><span style=\"color: #222222\"><em>La foto del Bigo e del Porto antico \u00e8 tratta da Pixabay.com<\/em><\/p>\n","protected":false},"excerpt":{"rendered":"<p>Ricordo ancora il primo giorno, il 3 novembre del 2003. Certo, ero gi\u00e0 stato tante volte a Genova. Per turismo, [&hellip;]<\/p>\n","protected":false},"author":9,"featured_media":4731,"comment_status":"open","ping_status":"open","sticky":false,"template":"","format":"standard","meta":{"_acf_changed":false,"footnotes":""},"categories":[381,139],"tags":[382,383,36],"acf":[],"_links":{"self":[{"href":"https:\/\/www.montallegro.it\/magazine\/wp-json\/wp\/v2\/posts\/4730"}],"collection":[{"href":"https:\/\/www.montallegro.it\/magazine\/wp-json\/wp\/v2\/posts"}],"about":[{"href":"https:\/\/www.montallegro.it\/magazine\/wp-json\/wp\/v2\/types\/post"}],"author":[{"embeddable":true,"href":"https:\/\/www.montallegro.it\/magazine\/wp-json\/wp\/v2\/users\/9"}],"replies":[{"embeddable":true,"href":"https:\/\/www.montallegro.it\/magazine\/wp-json\/wp\/v2\/comments?post=4730"}],"version-history":[{"count":4,"href":"https:\/\/www.montallegro.it\/magazine\/wp-json\/wp\/v2\/posts\/4730\/revisions"}],"predecessor-version":[{"id":4735,"href":"https:\/\/www.montallegro.it\/magazine\/wp-json\/wp\/v2\/posts\/4730\/revisions\/4735"}],"wp:featuredmedia":[{"embeddable":true,"href":"https:\/\/www.montallegro.it\/magazine\/wp-json\/wp\/v2\/media\/4731"}],"wp:attachment":[{"href":"https:\/\/www.montallegro.it\/magazine\/wp-json\/wp\/v2\/media?parent=4730"}],"wp:term":[{"taxonomy":"category","embeddable":true,"href":"https:\/\/www.montallegro.it\/magazine\/wp-json\/wp\/v2\/categories?post=4730"},{"taxonomy":"post_tag","embeddable":true,"href":"https:\/\/www.montallegro.it\/magazine\/wp-json\/wp\/v2\/tags?post=4730"}],"curies":[{"name":"wp","href":"https:\/\/api.w.org\/{rel}","templated":true}]}}