


{"id":4659,"date":"2018-09-04T09:30:23","date_gmt":"2018-09-04T07:30:23","guid":{"rendered":"https:\/\/www.montallegro.it\/magazine\/?p=4659"},"modified":"2018-11-07T15:13:53","modified_gmt":"2018-11-07T14:13:53","slug":"saponara-in-montallegro-dopo-linfortunio-con-il-napoli","status":"publish","type":"post","link":"https:\/\/www.montallegro.it\/magazine\/saponara-in-montallegro-dopo-linfortunio-con-il-napoli\/","title":{"rendered":"Saponara in Montallegro dopo l&#8217;infortunio con il Napoli"},"content":{"rendered":"<p><span style=\"color: #222222\"><strong>Riccardo Saponara<\/strong>, 26 anni (ne compir\u00e0 27 il prossimo 21 dicembre) era ieri nel del <a href=\"https:\/\/www.montallegro.it\/categorie_servizi\/fisiokinesiterapia-e-riabilitazione\/\">Centro fisioterapico<\/a> di Villa Montallegro per sottoporsi alla terapia con PRP, assistito dalla dottoressa <a href=\"https:\/\/www.montallegro.it\/specialisti\/maria-teresa-pereira-ruiz\/\"><strong>Maria Teresa Pereira<\/strong><\/a>, responsabile del settore sportivo del Centro e sotto il controllo del dottor <strong>Amedeo Baldari<\/strong>, responsabille dell&#8217;area medica blucerchiata.<\/span><\/p>\n<p><span style=\"color: #222222\">Saponara inizier\u00e0 subito il programma riabilitativo<\/span><\/p>\n<p><span style=\"color: #222222\">Il trequartista della Samp (\u00e8 arrivato in prestito con diritto di riscatto dalla Fiorentina a met\u00e0 agosto), si \u00e8 infortunato al 37\u2019 del primo tempo domenica sera nella vittoriosa partita dei blucerchiati contro il Napoli. Gli esami strumentali ai quali \u00e8 stato sottoposto, come conferma un <a href=\"http:\/\/www.sampdoria.it\/saponara-lesito-degli-esami-strumentali-confermata-la-lesione-al-bicipite-femorale\/\">comunicat<\/a>o della societ\u00e0, hanno evidenziato una lesione al bicipite femorale della coscia destra.<\/span><\/p>\n<p><span style=\"color: #222222\">Da quest\u2019anno Villa Montallegro, che ha sempre collaborato con tutte le squadre di calcio (e non solo) liguri, \u00e8 stata scelta dalla Samp come <b>partner tecnico<\/b> per il settore sanitario. Nei primi giorni di luglio la maggior parte dei giocatori della rosa blucerchiata, in attesa del ritiro, si erano sottoposti a una <a href=\"https:\/\/www.montallegro.it\/magazine\/la-preparazione-della-samp-inizia-in-montallegro\">serie di test<\/a> nella Casa di Cura.<br \/>\n<\/span><\/p>\n<h3>Il PRP e la medicina rigenerativa<\/h3>\n<p><span style=\"color: #222222\">Ai trattamenti a base di PRP \u2013 come spiega la dottoressa Maria Teresa Pereira \u2013 si sottopongono in Montallegro, moltissimi sportivi e anche parecchi pazienti \u201cnormali\u201d con problemi alle articolazioni.<\/span><\/p>\n<p><span style=\"color: #222222\">I fattori di crescita (o PRP, cio\u00e8 plasma ricco in piastrine) \u00e8 una delle tecniche di medicina rigenerativa applicate in ortopedia e riabilitazione. L\u2019infiltrazione con i fattori di crescita piastrinici attiva e accelera i processi di riparazione del tessuto connettivo e dell\u2019apparato locomotore. Si tratta di una tecnica utilizzata da diversi anni con ottimi risultati clinici nel trattamento di tendinopatie, lesioni della cartilagine e processi degenerativi articolari. La terapia \u00e8 illustrata in questo <a href=\"https:\/\/www.youtube.com\/watch?v=Ac4W58uakcg\">video<\/a> dalla dottoressa Pereira.<\/span><\/p>\n","protected":false},"excerpt":{"rendered":"<p>Riccardo Saponara, 26 anni (ne compir\u00e0 27 il prossimo 21 dicembre) era ieri nel del Centro fisioterapico di Villa Montallegro [&hellip;]<\/p>\n","protected":false},"author":5,"featured_media":4665,"comment_status":"open","ping_status":"open","sticky":false,"template":"","format":"standard","meta":{"_acf_changed":false,"footnotes":""},"categories":[3],"tags":[319,91,36,81,355,6],"acf":[],"_links":{"self":[{"href":"https:\/\/www.montallegro.it\/magazine\/wp-json\/wp\/v2\/posts\/4659"}],"collection":[{"href":"https:\/\/www.montallegro.it\/magazine\/wp-json\/wp\/v2\/posts"}],"about":[{"href":"https:\/\/www.montallegro.it\/magazine\/wp-json\/wp\/v2\/types\/post"}],"author":[{"embeddable":true,"href":"https:\/\/www.montallegro.it\/magazine\/wp-json\/wp\/v2\/users\/5"}],"replies":[{"embeddable":true,"href":"https:\/\/www.montallegro.it\/magazine\/wp-json\/wp\/v2\/comments?post=4659"}],"version-history":[{"count":5,"href":"https:\/\/www.montallegro.it\/magazine\/wp-json\/wp\/v2\/posts\/4659\/revisions"}],"predecessor-version":[{"id":4842,"href":"https:\/\/www.montallegro.it\/magazine\/wp-json\/wp\/v2\/posts\/4659\/revisions\/4842"}],"wp:featuredmedia":[{"embeddable":true,"href":"https:\/\/www.montallegro.it\/magazine\/wp-json\/wp\/v2\/media\/4665"}],"wp:attachment":[{"href":"https:\/\/www.montallegro.it\/magazine\/wp-json\/wp\/v2\/media?parent=4659"}],"wp:term":[{"taxonomy":"category","embeddable":true,"href":"https:\/\/www.montallegro.it\/magazine\/wp-json\/wp\/v2\/categories?post=4659"},{"taxonomy":"post_tag","embeddable":true,"href":"https:\/\/www.montallegro.it\/magazine\/wp-json\/wp\/v2\/tags?post=4659"}],"curies":[{"name":"wp","href":"https:\/\/api.w.org\/{rel}","templated":true}]}}