


{"id":4639,"date":"2018-08-28T06:33:14","date_gmt":"2018-08-28T04:33:14","guid":{"rendered":"https:\/\/www.montallegro.it\/magazine\/?p=4639"},"modified":"2018-08-28T08:59:00","modified_gmt":"2018-08-28T06:59:00","slug":"alberto-razzetti-nuoto","status":"publish","type":"post","link":"https:\/\/www.montallegro.it\/magazine\/alberto-razzetti-nuoto\/","title":{"rendered":"Alberto Razzetti (nuoto)"},"content":{"rendered":"<p><span style=\"color: #222222\">Nell\u2019estate d\u2019oro del nuoto italiano che trionfa agli Europei di Glasgow, la Liguria sta crescendo uno dei talenti che presto potr\u00e0 imporsi ai massimi livelli. Vincitore di 17 titoli italiani giovanili per oltre 30 medaglie. Oro nella staffetta 4\u00d7100 mista agli EYOF di Tbilisi, oro agli Europei Junior nei 200 misti. Colleziona record a ripetizione, \u00e8 l\u2019astro nascente del Nuoto in Italia e viene da Lavagna. Alberto Razzetti, 19 anni, \u00e8 il volto della Liguria sportiva vincente. Tesserato <a href=\"http:\/\/www.genovanuoto.net\/\">Genova Nuoto My Sport<\/a>, le sue bracciate sono un punto di riferimento per tanti giovanissimi nuotatori.<\/span><\/p>\n<p><span style=\"color: #222222\"><strong>&#8211; Alberto, quali sono le tue linee guida per l\u2019alimentazione?<\/strong><br \/>\n<span style=\"color: #222222\">\u00abHo alcune indicazioni da parte di un nutrizionista, ma nulla di particolarmente stringente. Per quanto mi riguarda, ho bisogno di cibi nutrienti perch\u00e9 per me mangiare significa assumere nuove energie, fondamentali in allenamento e in gara\u00bb.<br \/>\n<span style=\"color: #222222\"><strong><img fetchpriority=\"high\" decoding=\"async\" class=\"alignnone size-medium wp-image-4646 alignleft\" src=\"https:\/\/www.montallegro.it\/magazine\/wp-content\/uploads\/sites\/2\/2018\/08\/Alberto-Razzetti-Gala-2017-300x300.jpg\" alt=\"\" width=\"300\" height=\"300\" srcset=\"https:\/\/www.montallegro.it\/magazine\/wp-content\/uploads\/sites\/2\/2018\/08\/Alberto-Razzetti-Gala-2017-300x300.jpg 300w, https:\/\/www.montallegro.it\/magazine\/wp-content\/uploads\/sites\/2\/2018\/08\/Alberto-Razzetti-Gala-2017-150x150.jpg 150w, https:\/\/www.montallegro.it\/magazine\/wp-content\/uploads\/sites\/2\/2018\/08\/Alberto-Razzetti-Gala-2017-768x769.jpg 768w, https:\/\/www.montallegro.it\/magazine\/wp-content\/uploads\/sites\/2\/2018\/08\/Alberto-Razzetti-Gala-2017-1022x1024.jpg 1022w, https:\/\/www.montallegro.it\/magazine\/wp-content\/uploads\/sites\/2\/2018\/08\/Alberto-Razzetti-Gala-2017-500x500.jpg 500w, https:\/\/www.montallegro.it\/magazine\/wp-content\/uploads\/sites\/2\/2018\/08\/Alberto-Razzetti-Gala-2017-200x200.jpg 200w, https:\/\/www.montallegro.it\/magazine\/wp-content\/uploads\/sites\/2\/2018\/08\/Alberto-Razzetti-Gala-2017.jpg 1857w\" sizes=\"(max-width: 300px) 100vw, 300px\" \/>&#8211; Cosa non pu\u00f2 proprio mancare alla tua tavola?<\/strong><br \/>\n<span style=\"color: #222222\">\u00abA dire il vero non sono goloso, non ci sono piatti per cui vado particolarmente matto\u2026 Posso affermare di non esser un amante delle verdure\u00bb.<br \/>\n<span style=\"color: #222222\"><strong>&#8211; Hai mai patito un lungo infortunio?<\/strong><br \/>\n<span style=\"color: #222222\">\u00abUn paio, alla caviglia, ma a inizio carriera e n\u00e9 in allenamento n\u00e9 in gara. Per curarli, sono stato fermo qualche settimana e ho ripreso gradualmente il contatto con la piscina\u00bb.<br \/>\n<span style=\"color: #222222\"><strong>&#8211; Quali precauzioni prendi per evitare di farti male?<\/strong><br \/>\n<span style=\"color: #222222\">\u00abNessuna in particolare. Certamente do molto valore allo stretching post allenamento e al riposo. Capita di affrontare decine e decine di vasche, occorre stare sempre molto attenti a non incappare in movimenti che possono rivelarsi dannosi\u00bb.<\/span><\/span><\/span><\/span><\/span><\/span><\/span><\/span><\/p>\n<p><span style=\"color: #222222\"><strong>&#8211; Come immagini il tuo futuro in vasca e fuori?<\/strong><br \/>\n\u00abHo appena terminato i campionati italiani giovanili estivi di Roma e adesso finalmente mi prender\u00f2 qualche giorno di pausa. Poi inizier\u00f2 da subito a pensare alla prossima stagione. Il nuoto richiede applicazione feroce, non puoi sgarrare. Allenamenti, stile di vita dentro e fuori la vasca. Tutto deve essere perfetto perch\u00e9 poi la differenza la fanno i centesimi di secondo. Insomma i dettagli di un allenamento possono davvero cambiare la vita\u00bb.<\/span><\/p>\n<p>&nbsp;<\/p>\n<p><span style=\"color: #222222\"><em>Nella foto: Alberto Razzetti premiato al Gala dello Sport 2017. In apertura, Razzetti dalla sua pagina Facebook.<br \/>\n<\/em><\/span><\/p>\n","protected":false},"excerpt":{"rendered":"<p>Nell\u2019estate d\u2019oro del nuoto italiano che trionfa agli Europei di Glasgow, la Liguria sta crescendo uno dei talenti che presto [&hellip;]<\/p>\n","protected":false},"author":10,"featured_media":4645,"comment_status":"open","ping_status":"open","sticky":false,"template":"","format":"standard","meta":{"_acf_changed":false,"footnotes":""},"categories":[139,200],"tags":[345,8,346,36,223],"acf":[],"_links":{"self":[{"href":"https:\/\/www.montallegro.it\/magazine\/wp-json\/wp\/v2\/posts\/4639"}],"collection":[{"href":"https:\/\/www.montallegro.it\/magazine\/wp-json\/wp\/v2\/posts"}],"about":[{"href":"https:\/\/www.montallegro.it\/magazine\/wp-json\/wp\/v2\/types\/post"}],"author":[{"embeddable":true,"href":"https:\/\/www.montallegro.it\/magazine\/wp-json\/wp\/v2\/users\/10"}],"replies":[{"embeddable":true,"href":"https:\/\/www.montallegro.it\/magazine\/wp-json\/wp\/v2\/comments?post=4639"}],"version-history":[{"count":9,"href":"https:\/\/www.montallegro.it\/magazine\/wp-json\/wp\/v2\/posts\/4639\/revisions"}],"predecessor-version":[{"id":4644,"href":"https:\/\/www.montallegro.it\/magazine\/wp-json\/wp\/v2\/posts\/4639\/revisions\/4644"}],"wp:featuredmedia":[{"embeddable":true,"href":"https:\/\/www.montallegro.it\/magazine\/wp-json\/wp\/v2\/media\/4645"}],"wp:attachment":[{"href":"https:\/\/www.montallegro.it\/magazine\/wp-json\/wp\/v2\/media?parent=4639"}],"wp:term":[{"taxonomy":"category","embeddable":true,"href":"https:\/\/www.montallegro.it\/magazine\/wp-json\/wp\/v2\/categories?post=4639"},{"taxonomy":"post_tag","embeddable":true,"href":"https:\/\/www.montallegro.it\/magazine\/wp-json\/wp\/v2\/tags?post=4639"}],"curies":[{"name":"wp","href":"https:\/\/api.w.org\/{rel}","templated":true}]}}