


{"id":4608,"date":"2018-07-30T18:36:20","date_gmt":"2018-07-30T16:36:20","guid":{"rendered":"https:\/\/www.montallegro.it\/magazine\/?p=4608"},"modified":"2018-07-30T18:58:28","modified_gmt":"2018-07-30T16:58:28","slug":"defrel-subito-gol-e-poi-in-montallegro","status":"publish","type":"post","link":"https:\/\/www.montallegro.it\/magazine\/defrel-subito-gol-e-poi-in-montallegro\/","title":{"rendered":"Defrel, subito gol e poi in Montallegro"},"content":{"rendered":"<p><strong>Andr\u00e9 Gr\u00e9goire Defrel<\/strong>, 27 anni compiuti il 17 giugno, \u00e8 stato sottoposto ai test di isocinetica e ai\u00a0test propiocettivi nel <a href=\"https:\/\/www.montallegro.it\/categorie_servizi\/fisiokinesiterapia-e-riabilitazione\/\">Centro di fisioterapia<\/a> di Villa Montallegro, assistito dalla dottoressa <a href=\"https:\/\/www.montallegro.it\/specialisti\/maria-teresa-pereira-ruiz\/\">Maria Teresa Pereira<\/a> (<em>con lui nella foto di apertura<\/em>), responsabile dell\u2019attivit\u00e0 di riabilitazione per lo sport della Casa di Cura.<br \/>\n<img fetchpriority=\"high\" decoding=\"async\" class=\"size-medium wp-image-4610 alignleft\" src=\"https:\/\/www.montallegro.it\/magazine\/wp-content\/uploads\/sites\/2\/2018\/07\/defrel-2-225x300.jpg\" alt=\"\" width=\"225\" height=\"300\" srcset=\"https:\/\/www.montallegro.it\/magazine\/wp-content\/uploads\/sites\/2\/2018\/07\/defrel-2-225x300.jpg 225w, https:\/\/www.montallegro.it\/magazine\/wp-content\/uploads\/sites\/2\/2018\/07\/defrel-2-768x1024.jpg 768w, https:\/\/www.montallegro.it\/magazine\/wp-content\/uploads\/sites\/2\/2018\/07\/defrel-2.jpg 1000w\" sizes=\"(max-width: 225px) 100vw, 225px\" \/>La punta francesce (di orgini della Martinica, \u00e8 nato a Meudon) \u00e8 stato accolto il 27 luglio nel ritiro della Samp a Ponte di Legno e il giorno seguente, a Trento, ha segnato il terzo gol della vittoria blucerchiata nell&#8217;amichevole contro il Parma (risultato finale 3-1). Entrato in campo al 16\u2019 della ripresa, sostituendo Caprari, ha piazzato in rete il proprio sigillo al secondo minuto di recupero.<br \/>\nDefrel \u00e8 alla Samp per un anno con diritto di riscatto dalla Roma. In precedenza ha giocato nel Parma (\u00e8 cresciuto nelle giovanili gialloblu), Foggia, Cesena e Sassuolo.<\/p>\n<p><span class=\"testo-articolo\">Quest\u2019anno Villa Montallegro, che ha sempre collaborato con tutte le squadre di calcio (e non solo) liguri, \u00e8 stata scelta dalla Samp come <b>partner tecnico<\/b> per il settore sanitario. Nei primi giorni di luglio la maggior parte dei giocatori della rosa blucerchiata, in attesa del ritiro, si sono sottoposti a una serie di test nella Casa di Cura. Ovviamente mancava Gr\u00e9goir<strong>e\u00a0 <\/strong>Defrel che era ancora oggetto di trattativa.<br \/>\n<\/span><\/p>\n<p>Leggi la notizia precedente:<\/p>\n<blockquote class=\"wp-embedded-content\" data-secret=\"d0UsI4uz8O\"><p><a href=\"https:\/\/www.montallegro.it\/magazine\/la-preparazione-della-samp-inizia-in-montallegro\/\">La preparazione della Samp inizia in Montallegro<\/a><\/p><\/blockquote>\n<p><iframe class=\"wp-embedded-content\" sandbox=\"allow-scripts\" security=\"restricted\" style=\"position: absolute; clip: rect(1px, 1px, 1px, 1px);\" title=\"&#8220;La preparazione della Samp inizia in Montallegro&#8221; &#8212; Montallegro Magazine\" src=\"https:\/\/www.montallegro.it\/magazine\/la-preparazione-della-samp-inizia-in-montallegro\/embed\/#?secret=jpTnlaKKNw#?secret=d0UsI4uz8O\" data-secret=\"d0UsI4uz8O\" width=\"500\" height=\"282\" frameborder=\"0\" marginwidth=\"0\" marginheight=\"0\" scrolling=\"no\"><\/iframe><\/p>\n","protected":false},"excerpt":{"rendered":"<p>Andr\u00e9 Gr\u00e9goire Defrel, 27 anni compiuti il 17 giugno, \u00e8 stato sottoposto ai test di isocinetica e ai\u00a0test propiocettivi nel [&hellip;]<\/p>\n","protected":false},"author":5,"featured_media":4609,"comment_status":"open","ping_status":"open","sticky":false,"template":"","format":"standard","meta":{"_acf_changed":false,"footnotes":""},"categories":[3],"tags":[335,334,91,6,336,99],"acf":[],"_links":{"self":[{"href":"https:\/\/www.montallegro.it\/magazine\/wp-json\/wp\/v2\/posts\/4608"}],"collection":[{"href":"https:\/\/www.montallegro.it\/magazine\/wp-json\/wp\/v2\/posts"}],"about":[{"href":"https:\/\/www.montallegro.it\/magazine\/wp-json\/wp\/v2\/types\/post"}],"author":[{"embeddable":true,"href":"https:\/\/www.montallegro.it\/magazine\/wp-json\/wp\/v2\/users\/5"}],"replies":[{"embeddable":true,"href":"https:\/\/www.montallegro.it\/magazine\/wp-json\/wp\/v2\/comments?post=4608"}],"version-history":[{"count":5,"href":"https:\/\/www.montallegro.it\/magazine\/wp-json\/wp\/v2\/posts\/4608\/revisions"}],"predecessor-version":[{"id":4615,"href":"https:\/\/www.montallegro.it\/magazine\/wp-json\/wp\/v2\/posts\/4608\/revisions\/4615"}],"wp:featuredmedia":[{"embeddable":true,"href":"https:\/\/www.montallegro.it\/magazine\/wp-json\/wp\/v2\/media\/4609"}],"wp:attachment":[{"href":"https:\/\/www.montallegro.it\/magazine\/wp-json\/wp\/v2\/media?parent=4608"}],"wp:term":[{"taxonomy":"category","embeddable":true,"href":"https:\/\/www.montallegro.it\/magazine\/wp-json\/wp\/v2\/categories?post=4608"},{"taxonomy":"post_tag","embeddable":true,"href":"https:\/\/www.montallegro.it\/magazine\/wp-json\/wp\/v2\/tags?post=4608"}],"curies":[{"name":"wp","href":"https:\/\/api.w.org\/{rel}","templated":true}]}}