


{"id":4380,"date":"2018-06-13T17:06:02","date_gmt":"2018-06-13T15:06:02","guid":{"rendered":"https:\/\/www.montallegro.it\/?p=4380"},"modified":"2018-07-05T12:51:36","modified_gmt":"2018-07-05T10:51:36","slug":"progressi-nelle-terapie-delle-malattie-neuromuscolari","status":"publish","type":"post","link":"https:\/\/www.montallegro.it\/magazine\/progressi-nelle-terapie-delle-malattie-neuromuscolari\/","title":{"rendered":"I progressi nelle terapie delle malattie neuromuscolari"},"content":{"rendered":"<p align=\"JUSTIFY\"><span style=\"color: #222222;\">Sabato <strong>23 giugno<\/strong> nella Palazzina Lagorio del <strong>Campus Universitario di Savona<\/strong>, in via Magliotto 2, si tiene il convegno \u201c<strong>Aggiornamenti in tema di malattie neuromuscolari<\/strong>\u201d. Direttori dell&#8217;evento sono <a href=\"http:\/\/&lt;a href=&quot;https:\/\/www.montallegro.it\/specialista\/fabio-bandini\/&quot;&gt;\"><strong>Fabio Bandini<\/strong><\/a>, dal 2010 direttore della Struttura Complessa di Neurologia dell\u2019Ospedale San Paolo di Savona e dal 2017 direttore del Dipartimento Testa-Collo della Asl2 Savonese e Angelo Schenone del Dipartimento di Neuroscienze, Riabilitazione, Oftalmologia, Genetica e Scienze Materno-Infantili dell&#8217;Universit\u00e0 di Genova. Il convegno \u00e8 accreditato nell\u2019ambito del Programma azionale E.C.M.<br \/>\n<\/span><\/p>\n<p align=\"JUSTIFY\"><img decoding=\"async\" class=\"size-full wp-image-4383 alignleft\" src=\"https:\/\/www.montallegro.it\/magazine\/wp-content\/uploads\/sites\/2\/2018\/06\/bandini.jpg\" alt=\"\" width=\"160\" height=\"163\" \/><span style=\"color: #222222;\">Abbiamo chiesto al dottor Bandini (<em>nella foto<\/em>) di anticipare alcuni dei temi che faranno da filo conduttore al convegno.<\/span><\/p>\n<p align=\"JUSTIFY\"><strong><span style=\"color: #222222;\">&#8211; Nel convegno di Savona si parla dei progressi scientifici in un settore, come quello delle patologie neuro-muscolari, in cui comunemente si ritiene che la scienza sia ancora \u201cdisarmata\u201d. \u00c8 cos\u00ec, oppure si stanno facendo passi avanti?<\/span><\/strong><\/p>\n<p align=\"JUSTIFY\"><span style=\"color: #222222;\">\u00ab<\/span><span style=\"color: #222222;\">La risposta dipende molto dal tipo di malattia di cui si parla: per esempio, la Miastenia \u00e8 una malattia neuromuscolare autoimmune, con terapie gi\u00e0 codificate e buoni risultati. La SLA, per contro, almeno al momento attuale, rappresenta il classico esempio di malattia neurologica degenerativa per la quale non esiste terapia di documentata efficacia<span style=\"font-family: Times New Roman, serif;\">\u00bb<\/span>.<\/span><\/p>\n<p align=\"JUSTIFY\"><span style=\"color: #222222;\"><strong>&#8211; Quali sono le malattie neuromuscolari che costituiscono il focus del convegno?<\/strong><\/span><\/p>\n<p align=\"JUSTIFY\"><span style=\"color: #222222;\">\u00ab<\/span><span style=\"color: #222222;\">Numerose: la Sclerosi Laterale Amiotrofica, la Miastenia Gravis, la Atrofia Muscolare Spinale o SMA, le varie forme di neuropatia (diabetica, autoimmune, amiloidotica), le distrofie muscolari, la malattie muscolari di origine mitocondriale. Si tratta di malattie di interesse sia pediatrico sia dell\u2019adulto<span style=\"font-family: Times New Roman, serif;\">\u00bb<\/span>.<\/span><\/p>\n<p align=\"JUSTIFY\"><strong><img decoding=\"async\" class=\"alignnone size-full wp-image-4384 alignright\" src=\"https:\/\/www.montallegro.it\/magazine\/wp-content\/uploads\/sites\/2\/2018\/06\/convegno-Bandini.jpg\" alt=\"\" width=\"187\" height=\"169\" \/><span style=\"color: #222222;\">&#8211; A proposito delle malattie del motoneurone, di cui la principale forma \u00e8 la SLA, oggi c&#8217;\u00e8 qualche speranza?<\/span><\/strong><\/p>\n<p align=\"JUSTIFY\"><span style=\"color: #222222;\">\u00ab<\/span><span style=\"color: #222222;\">Ancora nulla di concreto, ma le nuove scoperte sui meccanismi della malattia consentono di esprimere un cauto ottimismo. Recentemente \u00e8 stato messo in commercio l\u2019Edaravone, un nuovo farmaco per rallentare la malattia, ma siamo ancora un po\u2019 lontani dalla fine del tunnel<span style=\"font-family: Times New Roman, serif;\">\u00bb<\/span>.<\/span><\/p>\n<p align=\"JUSTIFY\"><span style=\"color: #222222;\"><strong>&#8211; Le terapie di cui si parler\u00e0 tendono a bloccare le malattie neuro-muscolari o possono fornire qualche spiraglio di guarigione?<\/strong><\/span><\/p>\n<p align=\"JUSTIFY\"><span style=\"color: #222222;\">\u00ab<\/span><span style=\"color: #222222;\">Dipende molto dalla natura della malattia. Le scoperte pi\u00f9 impressionanti riguardano la SMA, malattia pediatrica in cui terapie avanzate hanno mostrato risultati pi\u00f9 che promettenti. Altre malattie hanno terapie gi\u00e0 codificate da tempo. Per altre ancora le novit\u00e0 appaiono confortanti<span style=\"font-family: Times New Roman, serif;\">\u00bb<\/span>.<\/span><\/p>\n<p align=\"JUSTIFY\"><span style=\"color: #222222;\"><strong>&#8211; Le strutture sanitarie del nostro Paese sono adeguate a queste nuove terapie o sono necessari interventi anche a livello ministeriale?<\/strong><\/span><\/p>\n<p align=\"JUSTIFY\"><span style=\"color: #222222;\">\u00ab<\/span><span style=\"color: #222222;\">Gran parte dell\u2019aiuto ai nostri pazienti viene dalla riabilitazione. In questo senso le strutture sono rappresentate nel nostro Paese \u201ca pelle di leopardo\u201d, nel senso che sono presenti aree con centri riabilitativi molto avanzati e altre in cui questo tipo di strutture purtroppo latitano<span style=\"font-family: Times New Roman, serif;\">\u00bb<\/span>.<\/span><\/p>\n<p align=\"JUSTIFY\"><strong><span style=\"color: #222222;\">&#8211; L&#8217;approccio terapeutico a queste malattie riguarda solo gli specialisti neurologi o pu\u00f2 essere diffuso anche ai medici di famiglia o ad altre categorie di specialisti?<\/span><\/strong><\/p>\n<p align=\"JUSTIFY\"><span style=\"color: #222222;\">\u00ab<\/span><span style=\"color: #222222;\">L\u2019approccio \u00e8 essenzialmente specialistico, ma l\u2019aiuto di altri specialisti (internisti, fisiatri, pediatri) \u00e8 di fondamentale importanza<span style=\"font-family: Times New Roman, serif;\">\u00bb<\/span>.<\/span><\/p>\n","protected":false},"excerpt":{"rendered":"<p>Sabato 23 giugno nella Palazzina Lagorio del Campus Universitario di Savona, in via Magliotto 2, si tiene il convegno \u201cAggiornamenti [&hellip;]<\/p>\n","protected":false},"author":4,"featured_media":4381,"comment_status":"open","ping_status":"open","sticky":false,"template":"","format":"standard","meta":{"_acf_changed":false,"footnotes":""},"categories":[139,141],"tags":[291,292,293,294,296],"acf":[],"_links":{"self":[{"href":"https:\/\/www.montallegro.it\/magazine\/wp-json\/wp\/v2\/posts\/4380"}],"collection":[{"href":"https:\/\/www.montallegro.it\/magazine\/wp-json\/wp\/v2\/posts"}],"about":[{"href":"https:\/\/www.montallegro.it\/magazine\/wp-json\/wp\/v2\/types\/post"}],"author":[{"embeddable":true,"href":"https:\/\/www.montallegro.it\/magazine\/wp-json\/wp\/v2\/users\/4"}],"replies":[{"embeddable":true,"href":"https:\/\/www.montallegro.it\/magazine\/wp-json\/wp\/v2\/comments?post=4380"}],"version-history":[{"count":1,"href":"https:\/\/www.montallegro.it\/magazine\/wp-json\/wp\/v2\/posts\/4380\/revisions"}],"predecessor-version":[{"id":4464,"href":"https:\/\/www.montallegro.it\/magazine\/wp-json\/wp\/v2\/posts\/4380\/revisions\/4464"}],"wp:featuredmedia":[{"embeddable":true,"href":"https:\/\/www.montallegro.it\/magazine\/wp-json\/wp\/v2\/media\/4381"}],"wp:attachment":[{"href":"https:\/\/www.montallegro.it\/magazine\/wp-json\/wp\/v2\/media?parent=4380"}],"wp:term":[{"taxonomy":"category","embeddable":true,"href":"https:\/\/www.montallegro.it\/magazine\/wp-json\/wp\/v2\/categories?post=4380"},{"taxonomy":"post_tag","embeddable":true,"href":"https:\/\/www.montallegro.it\/magazine\/wp-json\/wp\/v2\/tags?post=4380"}],"curies":[{"name":"wp","href":"https:\/\/api.w.org\/{rel}","templated":true}]}}