


{"id":4365,"date":"2018-06-11T10:31:31","date_gmt":"2018-06-11T08:31:31","guid":{"rendered":"https:\/\/www.montallegro.it\/?p=4365"},"modified":"2018-07-05T11:30:10","modified_gmt":"2018-07-05T09:30:10","slug":"nadal-ancora-vittorioso-guarito-dalla-medicina-rigenerativa","status":"publish","type":"post","link":"https:\/\/www.montallegro.it\/magazine\/nadal-ancora-vittorioso-guarito-dalla-medicina-rigenerativa\/","title":{"rendered":"Nadal ancora vittorioso: guarito dalla medicina rigenerativa"},"content":{"rendered":"<p><span style=\"color: #222222;\">La vittoria di <strong>Rafael \u201cRafa\u201d Nadal<\/strong>, 32 anni compiuti il 3 giugno, nella sua undicesima finale al <strong>Roland Garros<\/strong> ha nuovamente aperto il discorso sul \u201cfisico indistruttibile\u201d del tennista maiorchino.<\/span><\/p>\n<p><span style=\"color: #222222;\">Ma il \u201csegreto\u201d \u00e8 stato chiarito rapidamente. Nadal \u00e8 riuscito a recuperare gravi problemi alle gionocchia grazie a infiltrazioni di PRP, uno dei trattamenti di maggiore successo della <strong><a href=\"https:\/\/www.montallegro.it\/category\/magazine\/mi-dica-dottore\/\">medicina rigenerativa<\/a><\/strong> <span style=\"color: #222222;\"><span style=\"font-size: medium;\">e di cui abbiamo parlato spesso in queste pagine.<\/span><\/span><\/span><\/p>\n<h3><span style=\"color: #222222;\">Nadal, i problemi fisici dell&#8217;invincibile<\/span><\/h3>\n<p><span style=\"color: #222222;\">Nadal, nella sua carriera, ha vinto tutto: oltre ai Roland Garros, due Wimbledon, un Australian Open, tre U.S. Open, due medaglie olimpiche, 4 Coppe Davis, decine di altri tornei, ed \u00e8 stabilmente il numero 1 nella classifica ATP.<\/span><\/p>\n<p><span style=\"color: #222222;\">Ma, come gi\u00e0 nel 2014 mostrava un&#8217;<a href=\"https:\/\/video.eurosport.es\/tenis\/roland-garros-2018-doctor-cotorro-nadal-y-garbine-estan-en-las-mejores-condiciones_vid1097553\/video.shtml\">infografica<\/a> pubblicata dal giornale spagnolo El Mundo il suo fisico ha subito moltissimi infortuni, tanto da portarlo due voltre ad annunciare il ritiro dall&#8217;attivit\u00e0 agonistica.<\/span><\/p>\n<p><span style=\"color: #222222;\">In particolare, negli ultimi otto anni, ha subito gravi problemi alle ginocchia. Come <a href=\"https:\/\/www.agi.it\/sport\/tennis\/rafa_nadal_segreto_ginocchia_cartilagini_roland_garros-4012449\/news\/2018-06-10\/\">scrive<\/a> l&#8217;Agenzia giornalistica Agi, \u201c<em>\u00c8 lo stesso Nadal a raccontare, in pi\u00f9 interviste, che i medici avevano pronta per lui una nuova diagnosi. La sindrome di Hoffa. La rotula del ginocchio \u00e8 adagiata su un cuscinetto di grasso, un tessuto adiposo chiamato corpo di Hoffa. Quella che affligge Nadal \u00e8 un\u2019infiammazione, molto fastidiosa, di questo tessuto.<\/em>\u201d<\/span><\/p>\n<p><span style=\"color: #222222;\">Dal 2017 il tennista spagnolo torna prepotentemente in vetta. Tanto che qualcuno parla esplicitamente di doping. Ma non \u00e8 cos\u00ec. Scrive ancora Agi: \u201c<em>\u00c8 a Indian Wells, durante la conferenza stampa, che Nadal risponde ammettendo di fare dei trattamenti speciali ma leciti per rimettere a posto le ginocchia: <span style=\"font-family: Times New Roman, serif;\">\u00ab<\/span>Ho fatto un trattamento al plasma e uno con le cellule staminali. La prima volta con il plasma ha funzionato bene, la seconda no e ho dovuto smettere di giocare per sette mesi<span style=\"font-family: Times New Roman, serif;\">\u00bb<\/span><\/em>\u201d. Delle cure si parla anche in un <a href=\"https:\/\/video.eurosport.es\/tenis\/roland-garros-2018-doctor-cotorro-nadal-y-garbine-estan-en-las-mejores-condiciones_vid1097553\/video.shtml\">vide<\/a>o del medico che segue Nadal, \u00c1ngel Ruiz Cotorro<br \/>\n<\/span><\/p>\n<h3>Il PRP e la medicina rigenerativa<\/h3>\n<p><span style=\"color: #222222;\">I trattamenti \u2013 come spiega la dottoressa <a href=\"https:\/\/www.montallegro.it\/specialista\/maria-teresa-pereira-ruiz\/\"><strong>Maria Teresa Pereira<\/strong><\/a>, responsabile del settore sportivo del <a href=\"https:\/\/www.montallegro.it\/home-page-fisiokinesiterapia-e-riabilitazione\/\"><strong>Centro fisioterapic<\/strong><\/a><strong>o di Villa Montallegro<\/strong>, sono quelli a base di PRP, a cui si sottopongono, nella Casa di Cura genovese, moltissimi sportivi e anche parecchi pazienti \u201cnormali\u201d con problemi alle articolazioni. Tra gli atleti che pi\u00f9 recentemente sono passati nel Centro di Montallegro \u2013 riportati negli ultimi mesi in queste cronache \u2013 <a href=\"https:\/\/www.montallegro.it\/lemma-villas-volley-siena-ringrazia-montallegro\/\">Vincenzo Spadavecchia<\/a>, centrale dell&#8217;Emma Villas Voley Siena. <a href=\"https:\/\/www.montallegro.it\/zapata-nel-centro-fisioterapico-montallegro\/\">Duv\u00e1n Esteban Zapata<\/a>, <a href=\"https:\/\/www.montallegro.it\/bereszynski-nel-centro-fisioterapico-montallegro\/\">Bartosz Bereszy\u0144ski<\/a>, <a href=\"https:\/\/www.montallegro.it\/dennis-praet-si-cura-nel-centro-fisioterapico-di-montallegro\/\">Dennis Praet<\/a>, giocatori della Samp, <a href=\"https:\/\/www.montallegro.it\/mazzocchi-parma-nel-centro-fisioterapico-montallegro\/\">Pasquale Mazzocchi<\/a>, <a href=\"https:\/\/www.montallegro.it\/calaio-e-lucarelli-parma-nel-centro-fisioterapico-di-montallegro\/\">Emanuele Calaio e Alessandro Lucarelli<\/a> , giocatori del Parma, <a href=\"https:\/\/www.montallegro.it\/perin-nuovamente-in-montallegro-terapia-con-i-fattori-di-crescita\/\">Mattia Perin<\/a>, portiere del Genoa, <a href=\"https:\/\/www.montallegro.it\/ingrosso-campione-di-beach-volley-in-montallegro\/\">Matteo Ingrosso<\/a>, campione di beach volley<\/span><\/p>\n<h3>Il trattamento con PRP<\/h3>\n<p align=\"JUSTIFY\"><span style=\"color: #222222;\"><span style=\"font-size: medium;\">I fattori di crescita (o <strong>PRP, cio\u00e8 plasma ricco in piastrine<\/strong>) \u00e8 una delle tecniche di medicina rigenerativa applicate in ortopedia e riabilitazione. L\u2019infiltrazione con i fattori di crescita piastrinici attiva e accelera i processi di riparazione del tessuto connettivo e dell\u2019apparato locomotore. Si tratta di una tecnica utilizzata da diversi anni con ottimi risultati clinici nel trattamento di tendinopatie, lesioni della cartilagine e processi degenerativi articolari. La terapia \u00e8 illustrata in questo <a href=\"https:\/\/www.youtube.com\/watch?v=Ac4W58uakcg\">video<\/a> dalla dottoressa Pereira.<\/span><\/span><\/p>\n<p align=\"JUSTIFY\"><span style=\"color: #222222;\"><em>La foto di Nadal \u00e8 tratta da Photos For Class, Creative Commons<\/em><\/span><\/p>\n","protected":false},"excerpt":{"rendered":"<p>La vittoria di Rafael \u201cRafa\u201d Nadal, 32 anni compiuti il 3 giugno, nella sua undicesima finale al Roland Garros ha [&hellip;]<\/p>\n","protected":false},"author":5,"featured_media":4462,"comment_status":"open","ping_status":"open","sticky":false,"template":"","format":"standard","meta":{"_acf_changed":false,"footnotes":""},"categories":[3],"tags":[],"acf":[],"_links":{"self":[{"href":"https:\/\/www.montallegro.it\/magazine\/wp-json\/wp\/v2\/posts\/4365"}],"collection":[{"href":"https:\/\/www.montallegro.it\/magazine\/wp-json\/wp\/v2\/posts"}],"about":[{"href":"https:\/\/www.montallegro.it\/magazine\/wp-json\/wp\/v2\/types\/post"}],"author":[{"embeddable":true,"href":"https:\/\/www.montallegro.it\/magazine\/wp-json\/wp\/v2\/users\/5"}],"replies":[{"embeddable":true,"href":"https:\/\/www.montallegro.it\/magazine\/wp-json\/wp\/v2\/comments?post=4365"}],"version-history":[{"count":2,"href":"https:\/\/www.montallegro.it\/magazine\/wp-json\/wp\/v2\/posts\/4365\/revisions"}],"predecessor-version":[{"id":4657,"href":"https:\/\/www.montallegro.it\/magazine\/wp-json\/wp\/v2\/posts\/4365\/revisions\/4657"}],"wp:featuredmedia":[{"embeddable":true,"href":"https:\/\/www.montallegro.it\/magazine\/wp-json\/wp\/v2\/media\/4462"}],"wp:attachment":[{"href":"https:\/\/www.montallegro.it\/magazine\/wp-json\/wp\/v2\/media?parent=4365"}],"wp:term":[{"taxonomy":"category","embeddable":true,"href":"https:\/\/www.montallegro.it\/magazine\/wp-json\/wp\/v2\/categories?post=4365"},{"taxonomy":"post_tag","embeddable":true,"href":"https:\/\/www.montallegro.it\/magazine\/wp-json\/wp\/v2\/tags?post=4365"}],"curies":[{"name":"wp","href":"https:\/\/api.w.org\/{rel}","templated":true}]}}