


{"id":3907,"date":"2018-02-21T17:43:58","date_gmt":"2018-02-21T16:43:58","guid":{"rendered":"https:\/\/www.montallegro.it\/?p=3907"},"modified":"2018-11-22T15:09:42","modified_gmt":"2018-11-22T14:09:42","slug":"alla-salute-vostra-giovanni-calvini","status":"publish","type":"post","link":"https:\/\/www.montallegro.it\/magazine\/alla-salute-vostra-giovanni-calvini\/","title":{"rendered":"La frutta di Giovanni Calvini"},"content":{"rendered":"<p><span style=\"color: #222222\"><strong>Giovanni Calvini<\/strong>, patron di Madi Ventura, uno dei gruppi leader nel settore della frutta secca e conservata in Italia, ex presidente di Confindustria Genova, membro del consiglio della Compagnia di San Paolo e serissimo candidato alla guida della Camera di Commercio genovese, del rapporto fra alimentazione e salute ha fatto quasi un marchio di fabbrica, un brand ulteriore del suo lavoro. Quindi \u00e8 perfetto in questa galleria dedicata al rapporto fra alimentazione e salute dei personaggi genovesi.<\/span><\/p>\n<p><span style=\"color: #222222\"><strong>&#8211; Presidente Calvini, che rapporto ha con la salute?<\/strong><\/span><\/p>\n<p><span style=\"color: #222222\">\u00ab<\/span><span style=\"color: #222222\">Per cultura familiare sono molto attento al mio corpo, cerco sempre di ascoltare bene i segnali che mi manda e mi muovo sempre preventivamente e non sto ad aspettare che le cose accadano. La mia idea \u00e8 che \u00e8 sempre meglio un accertamento in pi\u00f9 che uno in meno\u00bb.<\/span><\/p>\n<p><span style=\"color: #222222\"><strong>&#8211; \u00c8<\/strong><\/span><strong><span style=\"color: #222222\"> mai stato operato?<\/span><\/strong><\/p>\n<p><span style=\"color: #222222\">\u00abI &#8220;classici&#8221;, cose leggere: appendicite, tonsille&#8230; Una volta anche a Villa Montallegro per una cisti a un rene e mi sono trovato davvero bene, mi hanno messo a mio agio\u00bb.<\/span><\/p>\n<p><span style=\"color: #222222\"><strong>&#8211; Generalmente si fida dei medici? Collabora alle diagnosi?<\/strong><\/span><\/p>\n<p><span style=\"color: #222222\">\u00abTendenzialmente, mi fido molto. La fase in cui mi impegno parecchio \u00e8 quella preventiva, quella della scelta del medico: prima indago, magari mi faccio consigliare da chi \u00e8 stato in una struttura o da uno specialista prima di me&#8230; Insomma, me li scelgo bene\u00bb.<\/span><\/p>\n<p><span style=\"color: #222222\"><strong>&#8211; Per quanto riguarda l&#8217;alimentazione, invece, lei mette insieme business e comportamenti personali. Un tempo, con la frutta secca lavoravate soprattutto sotto i periodi festivi, ora invece?<\/strong><\/span><\/p>\n<p><span style=\"color: #222222\">\u00abOra, invece, tutto l&#8217;anno. La frutta secca ha caratteristiche nutrizionali perfette per chi cerca equilibrio e prodotti adatti ad abbinare l&#8217;attenzione alla salute, all&#8217;alimentazione e a comportamenti nutritivi corretti. La nuova legge sull&#8217;etichettatura e le indicazioni sul contenuto delle buste contribuiscono a rinforzare ulteriormente questa rinnovata consapevolezza e, con il nostro lavoro, contribuiamo anche a comportamenti alimentari corretti\u00bb.<\/span><\/p>\n<p>&nbsp;<\/p>\n<p align=\"JUSTIFY\"><em><span style=\"color: #222222\">La foto di Giovanni Calvini \u00e8\u00a0 tratta da Primocanale.<\/span><\/em><\/p>\n<p align=\"JUSTIFY\">\n","protected":false},"excerpt":{"rendered":"<p>Giovanni Calvini, patron di Madi Ventura, uno dei gruppi leader nel settore della frutta secca e conservata in Italia, ex [&hellip;]<\/p>\n","protected":false},"author":9,"featured_media":3917,"comment_status":"open","ping_status":"open","sticky":false,"template":"","format":"standard","meta":{"_acf_changed":false,"footnotes":""},"categories":[192,139],"tags":[8,437,438],"acf":[],"_links":{"self":[{"href":"https:\/\/www.montallegro.it\/magazine\/wp-json\/wp\/v2\/posts\/3907"}],"collection":[{"href":"https:\/\/www.montallegro.it\/magazine\/wp-json\/wp\/v2\/posts"}],"about":[{"href":"https:\/\/www.montallegro.it\/magazine\/wp-json\/wp\/v2\/types\/post"}],"author":[{"embeddable":true,"href":"https:\/\/www.montallegro.it\/magazine\/wp-json\/wp\/v2\/users\/9"}],"replies":[{"embeddable":true,"href":"https:\/\/www.montallegro.it\/magazine\/wp-json\/wp\/v2\/comments?post=3907"}],"version-history":[{"count":1,"href":"https:\/\/www.montallegro.it\/magazine\/wp-json\/wp\/v2\/posts\/3907\/revisions"}],"predecessor-version":[{"id":4886,"href":"https:\/\/www.montallegro.it\/magazine\/wp-json\/wp\/v2\/posts\/3907\/revisions\/4886"}],"wp:featuredmedia":[{"embeddable":true,"href":"https:\/\/www.montallegro.it\/magazine\/wp-json\/wp\/v2\/media\/3917"}],"wp:attachment":[{"href":"https:\/\/www.montallegro.it\/magazine\/wp-json\/wp\/v2\/media?parent=3907"}],"wp:term":[{"taxonomy":"category","embeddable":true,"href":"https:\/\/www.montallegro.it\/magazine\/wp-json\/wp\/v2\/categories?post=3907"},{"taxonomy":"post_tag","embeddable":true,"href":"https:\/\/www.montallegro.it\/magazine\/wp-json\/wp\/v2\/tags?post=3907"}],"curies":[{"name":"wp","href":"https:\/\/api.w.org\/{rel}","templated":true}]}}