


{"id":3718,"date":"2018-01-31T18:32:31","date_gmt":"2018-01-31T17:32:31","guid":{"rendered":"https:\/\/www.montallegro.it\/?p=3718"},"modified":"2018-01-31T18:32:31","modified_gmt":"2018-01-31T17:32:31","slug":"alla-salute-vostra-la-dieta-equilibrata-di-giovanni-pettorino","status":"publish","type":"post","link":"https:\/\/www.montallegro.it\/magazine\/alla-salute-vostra-la-dieta-equilibrata-di-giovanni-pettorino\/","title":{"rendered":"La dieta equilibrata di Giovanni Pettorino"},"content":{"rendered":"<p align=\"JUSTIFY\"><strong>P<\/strong>er capire il rapporto con la salute e l&#8217;alimentazione di <strong>Giovanni Pettorino<\/strong>, comandante del Porto di Genova ed ex commissario dell&#8217;Autorit\u00e0 Portuale, dal 19\u00a0\u00a0 febbraio alla guida di tutte le Capitanerie italiane, basta essere vicino a lui a un buffet, a un pranzo, semplicemente anche al bar.<\/p>\n<p align=\"JUSTIFY\">Pettorino ha con il cibo lo stesso rapporto quasi calvinista che ha con l&#8217;etica: non sgarra di un grammo, n\u00e9 di un centimetro. Riuscendo per\u00f2 ad arricchire tutto questo anche con una grande carica di umanit\u00e0. E, insomma, persino i pi\u00f9 golosi di noi &#8211; fra cui mi metto senza vergogna &#8211; sono quasi in imbarazzo temendo di incrociare il suo sguardo mentre adocchiano e si impadroniscono di golosit\u00e0 ipercaloriche.<\/p>\n<p align=\"JUSTIFY\">Proprio per questo l&#8217;abbiamo scelto per inaugurare questo viaggio nelle abitudini sanitarie e alimentari dei personaggi genovesi.<\/p>\n<p align=\"JUSTIFY\"><strong>&#8211; Ammiraglio Pettorino, che rapporto ha con la salute?<\/strong><\/p>\n<p align=\"JUSTIFY\"><span>\u00ab<\/span>Faccio molta attenzione, tendo ad ascoltare molto il mio corpo e, appena sento qualcosa che non funziona, mi consulto con il mio medico di famiglia e con uno specialista. Soprattutto con l&#8217;avanzare dell&#8217;et\u00e0 e con il rischio di aumento di malanni, visto che ora ho 62 anni, credo che il nostro corpo vada ascoltato attentamente e che non dobbiamo trascurarci. Dal punto di vista cardiaco innanzitutto e poi per tutti i segnali che ci manda<span>\u00bb<\/span>.<\/p>\n<p align=\"JUSTIFY\"><strong>&#8211; Si fida dei medici?<\/strong><\/p>\n<p align=\"JUSTIFY\"><span>\u00ab<\/span>Cerco sempre di capire il pi\u00f9 possibile di ci\u00f2 che mi dicono, rendendomi per\u00f2 ovviamente conto che ne sanno pi\u00f9 di me. Se per caso mi resta qualche dubbio, al massimo consulto un ulteriore specialista<span>\u00bb<\/span>.<\/p>\n<p align=\"JUSTIFY\"><strong>&#8211; <span>\u00c8<\/span> mai stato operato?<\/strong><\/p>\n<p align=\"JUSTIFY\"><span>\u00ab<\/span>Da bambino alle tonsille e pi\u00f9 grandicello, per cos\u00ec dire, al menisco sinistro, conseguenza anche del fatto che faccio tanto sport<span>\u00bb<\/span>.<\/p>\n<p align=\"JUSTIFY\"><strong>&#8211; Non solo sport! Lei \u00e8 un maniaco anche dell&#8217;alimentazione&#8230;<\/strong><\/p>\n<p align=\"JUSTIFY\"><span>\u00ab<\/span>Maniaco, non direi. Semplicemente, faccio attenzione e seguo una dieta equilibrata, non intensiva<span>\u00bb<\/span>.<\/p>\n<p align=\"JUSTIFY\"><strong>&#8211; Qual \u00e8 la &#8220;dieta Pettorino&#8221;?<\/strong><\/p>\n<p align=\"JUSTIFY\"><span>\u00ab<\/span>Colazione, prima merenda verso le 10 o le 11 del mattino, con un frutto o cioccolata al 75 per cento di cacao, pranzo mai pesante, seconda merenda con le stesse caratteristiche di quella della mattina e infine cena, anch&#8217;essa non pesante<span>\u00bb<\/span>.<\/p>\n<p align=\"JUSTIFY\"><strong>&#8211; Questo per quanto riguarda gli orari. E il men\u00f9?<\/strong><\/p>\n<p align=\"JUSTIFY\"><span>\u00ab<\/span>Sto attento a che sia equilibrato con proteine, vitamine, carboidrati, non troppa carne, spesso pesce, legumi e soprattutto fagioli, poco alcol, al massimo un bicchiere di vino alla sera, poco caff\u00e8: uno nel latte alla mattina e uno, massimo due, durante la giornata. E poi, soprattutto, la dieta deve essere varia e differenziata&#8230;<span>\u00bb<\/span>.<\/p>\n<p align=\"JUSTIFY\"><strong>&#8211; E ai suoi collaboratori, ufficiali, sottufficiali e truppa, impone lo stesso regime alimentare?<\/strong><\/p>\n<p align=\"JUSTIFY\"><span>\u00ab<\/span>Sanno ci\u00f2 che mangio, visto che spesso pranziamo insieme. E conoscono l&#8217;importanza di un&#8217;alimentazione equilibrata e sana<span>\u00bb<\/span>.<\/p>\n<p align=\"JUSTIFY\"><strong>\u00a0<\/strong><\/p>\n<p align=\"JUSTIFY\"><em>La foto di Giovanni Pettorino \u00e8 di Primocanale<\/em><\/p>\n","protected":false},"excerpt":{"rendered":"<p>Per capire il rapporto con la salute e l&#8217;alimentazione di Giovanni Pettorino, comandante del Porto di Genova ed ex commissario [&hellip;]<\/p>\n","protected":false},"author":9,"featured_media":3730,"comment_status":"open","ping_status":"open","sticky":false,"template":"","format":"standard","meta":{"_acf_changed":false,"footnotes":""},"categories":[192,139],"tags":[8,193,194,195,196],"acf":[],"_links":{"self":[{"href":"https:\/\/www.montallegro.it\/magazine\/wp-json\/wp\/v2\/posts\/3718"}],"collection":[{"href":"https:\/\/www.montallegro.it\/magazine\/wp-json\/wp\/v2\/posts"}],"about":[{"href":"https:\/\/www.montallegro.it\/magazine\/wp-json\/wp\/v2\/types\/post"}],"author":[{"embeddable":true,"href":"https:\/\/www.montallegro.it\/magazine\/wp-json\/wp\/v2\/users\/9"}],"replies":[{"embeddable":true,"href":"https:\/\/www.montallegro.it\/magazine\/wp-json\/wp\/v2\/comments?post=3718"}],"version-history":[{"count":0,"href":"https:\/\/www.montallegro.it\/magazine\/wp-json\/wp\/v2\/posts\/3718\/revisions"}],"wp:featuredmedia":[{"embeddable":true,"href":"https:\/\/www.montallegro.it\/magazine\/wp-json\/wp\/v2\/media\/3730"}],"wp:attachment":[{"href":"https:\/\/www.montallegro.it\/magazine\/wp-json\/wp\/v2\/media?parent=3718"}],"wp:term":[{"taxonomy":"category","embeddable":true,"href":"https:\/\/www.montallegro.it\/magazine\/wp-json\/wp\/v2\/categories?post=3718"},{"taxonomy":"post_tag","embeddable":true,"href":"https:\/\/www.montallegro.it\/magazine\/wp-json\/wp\/v2\/tags?post=3718"}],"curies":[{"name":"wp","href":"https:\/\/api.w.org\/{rel}","templated":true}]}}