


{"id":3542,"date":"2018-01-09T11:15:27","date_gmt":"2018-01-09T10:15:27","guid":{"rendered":"https:\/\/www.montallegro.it\/?p=3542"},"modified":"2018-07-05T12:51:59","modified_gmt":"2018-07-05T10:51:59","slug":"spirometria-e-tac-per-verificare-i-possibili-danni-da-fumo","status":"publish","type":"post","link":"https:\/\/www.montallegro.it\/magazine\/spirometria-e-tac-per-verificare-i-possibili-danni-da-fumo\/","title":{"rendered":"Spirometria e Tac per verificare i possibili danni da fumo"},"content":{"rendered":"<div style=\"text-align: justify\">\n<p><span style=\"font-size: 12pt\"><span style=\"color: #000000\"><strong><a href=\"https:\/\/www.montallegro.it\/specialista\/giovanni-paolo-ivaldi\/\">Gian Paolo Ivaldi<\/a><\/strong>\u00a0dal 2001 \u00e8\u00a0<span lang=\"it-IT\">responsabile dell\u2019Ambulatorio per la lotta al tabagismo dell\u2019Ospedale Villa Scassi di Genova;\u00a0<\/span><\/span><\/span><span style=\"font-size: 12pt\"><span style=\"color: #000000\">svolge ambulatorio professionale in Villa Montallegro.<\/span><\/span><\/p>\n<\/div>\n<div style=\"text-align: justify\"><span style=\"color: #000000\"><span style=\"font-size: 12pt\"><strong>&#8211; Quali danni pu\u00f2 provocare il fumo?<\/strong><\/span><\/span><\/div>\n<div style=\"text-align: justify\">\n<p><span style=\"font-size: 12pt\"><span style=\"color: #000000\"><span style=\"font-family: Times New Roman, serif\">\u00ab<\/span>Il fumo crea danni a\u00a0<b>tutto l\u2019organismo<\/b>, il primo apparato sollecitato \u00e8 quello\u00a0<b>respiratorio<\/b>, immediatamente a contatto con l\u2019esterno e le sostanze tossiche inalate con il fumo di sigaretta. I danni pi\u00f9 frequenti a questo apparato sono la bronchite cronica ostruttiva, l\u2019enfisema polmonare e il tumore del polmone. Un altro apparato danneggiato dal fumo e quello\u00a0<b>cardiovascolare<\/b>. Le sostanze inalate infatti passano nel circolo sanguigno e provocano alterazioni di pressione arteriosa e favoriscono il processo di aterosclerosi. Le malattie pi\u00f9 frequenti causate dall\u2019abitudine tabagica sono, a questo livello, la cardiopatia ischemica e l\u2019infarto miocardico, l\u2019ictus cerebrale e le arteriopatie periferiche. Tenendo conto per\u00f2 che queste sostanze vanno nel sangue possono essere responsabili anche di\u00a0<b>vari tumori<\/b>\u00a0in organi distanti, ad esempio nella vescica dove le sostanze tossiche su raccolgono e ristagnano nell\u2019urina. Da segnalare poi tumori generati dal primo contatto con il fumo, come ad esempio tumori della bocca e della laringe, frequenti soprattutto nei fumatori di sigari a pipa<span style=\"font-family: Times New Roman, serif\">\u00bb<\/span>.<\/span><\/span><\/p>\n<\/div>\n<div style=\"text-align: justify\"><span style=\"color: #000000\"><span style=\"font-size: 14pt\"><i><b>Diagnosticare le malattie respiratorie<\/b><\/i><\/span><\/span><\/div>\n<div style=\"text-align: justify\"><span style=\"color: #000000\"><span style=\"font-size: 12pt\"><strong>&#8211; Come si diagnosticano le malattie respiratorie?<\/strong><\/span><\/span><\/div>\n<div style=\"text-align: justify\">\n<p><span style=\"color: #000000\"><span style=\"font-size: 12pt\"><span style=\"font-family: Times New Roman, serif\">\u00ab<\/span>Gli esami di primo livello pi\u00f9 utilizzati per una precoce diagnosi dell\u2019apparato respiratorio sono la\u00a0<a href=\"https:\/\/www.montallegro.it\/spirometria-globale-faq\/\"><b>spirometria globale<\/b><\/a>\u00a0e la\u00a0<a href=\"https:\/\/www.montallegro.it\/per-immagini\/\"><strong>diagnostica per immagin<\/strong>i<\/a>, come l\u2019esame radiologico del torace o, meglio, la\u00a0<a href=\"https:\/\/www.montallegro.it\/tc-tomografia-computerizzata-approfondimenti\/\"><b>tac<\/b><\/a>\u00a0del torace<span style=\"font-family: Times New Roman, serif\">\u00bb<\/span>.<\/span><\/span><\/p>\n<\/div>\n<div style=\"text-align: justify\"><span style=\"color: #000000\"><span style=\"font-size: 12pt\"><strong>&#8211; Il tumore al polmone colpisce solo i fumatori?<\/strong><\/span><\/span><\/div>\n<div style=\"text-align: justify\"><span style=\"font-size: 12pt\"><span style=\"color: #000000\"><span style=\"font-family: Times New Roman, serif\">\u00ab<\/span>Il tumore del polmone colpisce nel 95% dei casi i fumatori. Il restante 5% \u00e8 dovuto a questioni genetiche, a esposizioni lavorative quali l\u2019amianto o ad altre sostanze tossiche come, ad esempio, il gas radon e l\u2019inquinamento atmosferico<span style=\"font-family: Times New Roman, serif\">\u00bb<\/span>.<\/span> <\/span><\/div>\n<div style=\"text-align: justify\"><span style=\"color: #000000\"><span style=\"font-size: 14pt\"><i><b>Sintomi tardivi<\/b><\/i><\/span><\/span><\/div>\n<div style=\"text-align: justify\"><span style=\"color: #000000\"><span style=\"font-size: 12pt\"><strong>&#8211; Quali sono i sintomi del tumore polmonare?<\/strong><\/span><\/span><\/div>\n<div style=\"text-align: justify\"><span style=\"font-size: 12pt\"><span style=\"color: #000000\"><span style=\"font-family: Times New Roman, serif\">\u00ab<\/span>Purtroppo i sintomi del tumore polmonare sono spesso tardivi e quindi consentono di fare la diagnosi solo in fase avanzata di malattia. Spesso possono essere confusi con banale affezioni dell\u2019apparato respiratorio. Quando per\u00f2 la tosse persiste, vi \u00e8 un cambiamento del tono della voce, viene emesso sangue insieme al catarro o \u00e8 presente dolore toracico \u00e8 meglio ricorrere subito al medico<span style=\"font-family: Times New Roman, serif\">\u00bb<\/span>.<\/span> <\/span><\/div>\n<div style=\"text-align: justify\"><span style=\"color: #000000\"><span style=\"font-size: 14pt\"><i><b>Quando sottoporsi a screening<\/b><\/i><\/span><\/span><\/div>\n<div style=\"text-align: justify\"><span style=\"color: #000000\"><span style=\"font-size: 12pt\"><strong>&#8211; Chi deve sottoporsi allo screening del tumore polmonare?<\/strong><\/span><\/span><\/div>\n<div style=\"text-align: justify\"><span style=\"color: #000000\"><span style=\"font-size: 12pt\"><span style=\"font-family: Times New Roman, serif\">\u00ab<\/span>In questi anni sono stati fatti molti studi di screening riguardo le malattie respiratorie con risultati contrastanti. Il mio consiglio \u00e8 di sottoporre agli screening fumatori o ex fumatori intorno ai cinquant\u2019anni che hanno il desiderio di fare il punto sul loro stato di salute e magari hanno la motivazione a smettere di fumare. Ormai l\u2019aspettativa di vita \u00e8 molto allungata e se una persona che fuma \u00e8 in buona salute si deve rendere conto che questo \u00e8 il bene pi\u00f9 prezioso che abbiamo e che va conservato al meglio. Ricordiamoci che un fumatore su due muore per patologie legate al suo vizio<span style=\"font-family: Times New Roman, serif\">\u00bb<\/span>.<\/span><\/span><\/div>\n<p><em>Foto di Martin Vorel (Libreshot)<\/em><\/p>\n<p>&nbsp;<\/p>\n","protected":false},"excerpt":{"rendered":"<p>Gian Paolo Ivaldi\u00a0dal 2001 \u00e8\u00a0responsabile dell\u2019Ambulatorio per la lotta al tabagismo dell\u2019Ospedale Villa Scassi di Genova;\u00a0svolge ambulatorio professionale in Villa [&hellip;]<\/p>\n","protected":false},"author":8,"featured_media":3543,"comment_status":"open","ping_status":"open","sticky":false,"template":"","format":"standard","meta":{"_acf_changed":false,"footnotes":""},"categories":[139,141],"tags":[181,182,183,184,185,186,187,188,189,190,191],"acf":[],"_links":{"self":[{"href":"https:\/\/www.montallegro.it\/magazine\/wp-json\/wp\/v2\/posts\/3542"}],"collection":[{"href":"https:\/\/www.montallegro.it\/magazine\/wp-json\/wp\/v2\/posts"}],"about":[{"href":"https:\/\/www.montallegro.it\/magazine\/wp-json\/wp\/v2\/types\/post"}],"author":[{"embeddable":true,"href":"https:\/\/www.montallegro.it\/magazine\/wp-json\/wp\/v2\/users\/8"}],"replies":[{"embeddable":true,"href":"https:\/\/www.montallegro.it\/magazine\/wp-json\/wp\/v2\/comments?post=3542"}],"version-history":[{"count":1,"href":"https:\/\/www.montallegro.it\/magazine\/wp-json\/wp\/v2\/posts\/3542\/revisions"}],"predecessor-version":[{"id":4586,"href":"https:\/\/www.montallegro.it\/magazine\/wp-json\/wp\/v2\/posts\/3542\/revisions\/4586"}],"wp:featuredmedia":[{"embeddable":true,"href":"https:\/\/www.montallegro.it\/magazine\/wp-json\/wp\/v2\/media\/3543"}],"wp:attachment":[{"href":"https:\/\/www.montallegro.it\/magazine\/wp-json\/wp\/v2\/media?parent=3542"}],"wp:term":[{"taxonomy":"category","embeddable":true,"href":"https:\/\/www.montallegro.it\/magazine\/wp-json\/wp\/v2\/categories?post=3542"},{"taxonomy":"post_tag","embeddable":true,"href":"https:\/\/www.montallegro.it\/magazine\/wp-json\/wp\/v2\/tags?post=3542"}],"curies":[{"name":"wp","href":"https:\/\/api.w.org\/{rel}","templated":true}]}}