


{"id":20,"date":"2015-10-13T21:04:48","date_gmt":"2015-10-13T19:04:48","guid":{"rendered":"http:\/\/montallegro.it\/vmdev\/?p=20"},"modified":"2015-10-13T21:04:48","modified_gmt":"2015-10-13T19:04:48","slug":"roadshow-territoridigitali","status":"publish","type":"post","link":"https:\/\/www.montallegro.it\/magazine\/roadshow-territoridigitali\/","title":{"rendered":"Roadshow #TerritoriDigitali"},"content":{"rendered":"<p>6 ottobre 2015<\/p>\n<p>Villa Montallegro partecipa al tavolo di lavoro sulla Sanit\u00e0 Digitale durante il Roadshow \u201c#TerritoriDigitali\u201d promosso da Confindustria.<\/p>\n<p>Si \u00e8 parlato delle nuove istanze per una sanit\u00e0 moderna, digitale appunto, con la meritoria finalit\u00e0 di efficientare i processi e soprattutto <em>curare meglio<\/em>; tema centrale il dato clinico, inteso come strumento unico, strutturato, condiviso e condivisibile nelle varie fasi della vita di ognuno di noi, ma incontrovertibilmente di esclusiva propriet\u00e0 del paziente che deve poterne disporre senza soluzione di continuit\u00e0. Ecco allora che tutto il percorso di acquisizione, conservazione e consultazione del dato clinico assume un\u2019importanza fondamentale, e nascono nuove esigenze di <em>privacy<\/em>, sicurezza e correttezza di quanto attestato in una cartella clinica digitale che accompagni il cittadino, non solo in quanto paziente di una struttura sanitaria pubblica o privata, in tutto il suo percorso di vita.<\/p>\n<p>La tavola rotonda \u00e8 stata per Villa Montallegro (e in particolare per Luca Spigno, Susanna Ghiotto e Linda Celenza che hanno esposto il caso Montallegro) un\u2019occasione interessante per condividere con un auditorio specializzato il percorso intrapreso in questi mesi con NoemaLife, leader nell\u2019 informatica clinica ospedaliera, nell\u2019intento di digitalizzare la nostra Struttura con uno strumento che segua il paziente durante ogni fase della sua permanenza. Il confronto con gli altri partecipanti ci ha permesso di evidenziare come le nostre scelte in tema di Sanit\u00e0 Digitale siano di fatto gi\u00e0 in linea con quanto auspicato \u201cdagli addetti ai lavori\u201d, rispetto a uno standard regionale che fatica invece a tenere il passo. Sono stati affrontati temi quali l\u2019unificazione dei flussi di lavoro, il Wi-Fi separato ma diffuso per medici e degenti, i primi timidi passi della telemedicina; ma anche argomenti pi\u00f9 specifici come la firma digitale e le sue gradazioni, la conservazione dei dati mediante infrastrutture, materiali e immateriali (i famosi <em>server e cloud<\/em>), adatte a tutelare e garantire il lavoro degli operatori anche nelle condizioni pi\u00f9 sfavorevoli. Le esigenze di <em>back up, disaster recovery e business continuity<\/em>, strumenti fondamentali per la gestione del processo sanitario nella sua interezza, hanno trovato preparato lo staff di Villa Montallegro, pi\u00f9 che mai impegnata nell\u2019offrire ai pazienti, ancora una volta, un servizio all\u2019avanguardia.<\/p>\n","protected":false},"excerpt":{"rendered":"<p>6 ottobre 2015 Villa Montallegro partecipa al tavolo di lavoro sulla Sanit\u00e0 Digitale durante il Roadshow \u201c#TerritoriDigitali\u201d promosso da Confindustria. [&hellip;]<\/p>\n","protected":false},"author":5,"featured_media":2652,"comment_status":"closed","ping_status":"open","sticky":false,"template":"","format":"standard","meta":{"_acf_changed":false,"footnotes":""},"categories":[311],"tags":[],"acf":[],"_links":{"self":[{"href":"https:\/\/www.montallegro.it\/magazine\/wp-json\/wp\/v2\/posts\/20"}],"collection":[{"href":"https:\/\/www.montallegro.it\/magazine\/wp-json\/wp\/v2\/posts"}],"about":[{"href":"https:\/\/www.montallegro.it\/magazine\/wp-json\/wp\/v2\/types\/post"}],"author":[{"embeddable":true,"href":"https:\/\/www.montallegro.it\/magazine\/wp-json\/wp\/v2\/users\/5"}],"replies":[{"embeddable":true,"href":"https:\/\/www.montallegro.it\/magazine\/wp-json\/wp\/v2\/comments?post=20"}],"version-history":[{"count":0,"href":"https:\/\/www.montallegro.it\/magazine\/wp-json\/wp\/v2\/posts\/20\/revisions"}],"wp:featuredmedia":[{"embeddable":true,"href":"https:\/\/www.montallegro.it\/magazine\/wp-json\/wp\/v2\/media\/2652"}],"wp:attachment":[{"href":"https:\/\/www.montallegro.it\/magazine\/wp-json\/wp\/v2\/media?parent=20"}],"wp:term":[{"taxonomy":"category","embeddable":true,"href":"https:\/\/www.montallegro.it\/magazine\/wp-json\/wp\/v2\/categories?post=20"},{"taxonomy":"post_tag","embeddable":true,"href":"https:\/\/www.montallegro.it\/magazine\/wp-json\/wp\/v2\/tags?post=20"}],"curies":[{"name":"wp","href":"https:\/\/api.w.org\/{rel}","templated":true}]}}